{"id":4917,"date":"2026-04-27T07:00:03","date_gmt":"2026-04-27T04:00:03","guid":{"rendered":"https:\/\/oma.media.fi\/forssan-lehti\/?p=4917"},"modified":"2026-04-17T12:21:12","modified_gmt":"2026-04-17T09:21:12","slug":"vapun-vaikutus-painetun-lehden-jakeluun-2","status":"publish","type":"post","link":"https:\/\/oma.media.fi\/forssan-lehti\/vapun-vaikutus-painetun-lehden-jakeluun-2\/","title":{"rendered":"Vapun vaikutus painetun lehden jakeluun"},"content":{"rendered":"<p>Vappu aiheuttaa muutoksia painetun lehden jakeluun. Lehti ilmestyy torstaina 30.4. ja seuraavan kerran maanantaina 4.5. Vapun n\u00e4k\u00f6islehti ilmestyy perjantaina 1.5.<\/p>\n<p>Vaikka painettu lehti ei ilmesty joka p\u00e4iv\u00e4, pysyt ajan tasalla koko p\u00e4\u00e4si\u00e4isen ajan \u2013 tuoreimmat uutiset, ajankohtaiset jutut ja paikalliset puheenaiheet ovat luettavissa verkkopalvelussa ja sovelluksessa joka p\u00e4iv\u00e4.<\/p>\n<h2>Kuinka p\u00e4\u00e4sen lukemaan n\u00e4k\u00f6islehden?<\/h2>\n<p>N\u00e4k\u00f6islehti on luettavissa Mediatunnuksellasi <a href=\"http:\/\/Forssanlehti.fi\/nakoislehti\">Forssanlehti.fi-verkkopalvelussa<\/a> sek\u00e4 <a href=\"https:\/\/oma.media.fi\/forssan-lehti\/sovellus\/\" target=\"_blank\" rel=\"noopener\">mobiilisovelluksessa<\/a> sen ilmestymisp\u00e4iv\u00e4n\u00e4 ja j\u00e4lkik\u00e4teen arkistosta.<\/p>\n<p>N\u00e4k\u00f6islehden lukeaksesi sinun tulee kirjautua palveluun omalla Mediatunnuksellasi. Mik\u00e4li sinulla ei viel\u00e4 ole Mediatunnusta, katso ohjeet tunnuksen luomiseksi <a href=\"https:\/\/oma.media.fi\/forssan-lehti\/mediatunnukset\/\" target=\"_blank\" rel=\"noopener\">kirjallisesti<\/a> tai videolta:<\/p>\n<div class=\"video-container\"><iframe loading=\"lazy\" title=\"Mediakonserni Keskisuomalainen | Tilaajan ohjevideot: Mediatunnuksen luominen tilaajana\" width=\"500\" height=\"281\" src=\"https:\/\/www.youtube.com\/embed\/5vJto3cIKmM?feature=oembed\" frameborder=\"0\" allow=\"accelerometer; autoplay; clipboard-write; encrypted-media; gyroscope; picture-in-picture; web-share\" referrerpolicy=\"strict-origin-when-cross-origin\" allowfullscreen><\/iframe><\/div>\n<hr \/>\n<p>&nbsp;<\/p>\n<p>&nbsp;<\/p>\n","protected":false},"excerpt":{"rendered":"<p>Vappu aiheuttaa muutoksia painetun lehden jakeluun. Lehti ilmestyy torstaina 30.4. ja seuraavan kerran maanantaina 4.5. Vapun n\u00e4k\u00f6islehti ilmestyy perjantaina 1.5. Vaikka painettu lehti ei ilmesty joka p\u00e4iv\u00e4, pysyt ajan tasalla koko p\u00e4\u00e4si\u00e4isen ajan \u2013 tuoreimmat uutiset, ajankohtaiset jutut ja paikalliset puheenaiheet ovat luettavissa verkkopalvelussa ja sovelluksessa joka p\u00e4iv\u00e4. Kuinka p\u00e4\u00e4sen lukemaan n\u00e4k\u00f6islehden? N\u00e4k\u00f6islehti on luettavissa [&hellip;]<\/p>\n","protected":false},"author":6,"featured_media":0,"comment_status":"closed","ping_status":"closed","sticky":false,"template":"","format":"standard","meta":{"_acf_changed":false,"footnotes":""},"categories":[1],"tags":[],"class_list":["post-4917","post","type-post","status-publish","format-standard","hentry","category-yleinen"],"acf":[],"yoast_head":"<!-- This site is optimized with the Yoast SEO plugin v26.2 - https:\/\/yoast.com\/wordpress\/plugins\/seo\/ -->\n<title>Vapun vaikutus painetun lehden jakeluun - Forssan Lehti<\/title>\n<meta name=\"description\" content=\"Luettavaa verkossa vuoden jokaisena p\u00e4iv\u00e4n\u00e4. Kun painettu lehti ei pyhien vuoksi ilmesty, julkaisemme tuoreen digilehden, jossa on runsaasti ajankohtaista ja ajatonta luettavaa. Muistathan my\u00f6s, ett\u00e4 verkkopalvelumme uutisoi vuoden jokaisena p\u00e4iv\u00e4n\u00e4\" \/>\n<meta name=\"robots\" content=\"index, follow, max-snippet:-1, max-image-preview:large, max-video-preview:-1\" \/>\n<link rel=\"canonical\" href=\"https:\/\/oma.media.fi\/forssan-lehti\/vapun-vaikutus-painetun-lehden-jakeluun-2\/\" \/>\n<meta property=\"og:locale\" content=\"fi_FI\" \/>\n<meta property=\"og:type\" content=\"article\" \/>\n<meta property=\"og:title\" content=\"Vapun vaikutus painetun lehden jakeluun\" \/>\n<meta property=\"og:description\" content=\"Luettavaa verkossa vuoden jokaisena p\u00e4iv\u00e4n\u00e4. Kun painettu lehti ei pyhien vuoksi ilmesty, julkaisemme tuoreen digilehden, jossa on runsaasti ajankohtaista ja ajatonta luettavaa. Muistathan my\u00f6s, ett\u00e4 verkkopalvelumme uutisoi vuoden jokaisena p\u00e4iv\u00e4n\u00e4\" \/>\n<meta property=\"og:url\" content=\"https:\/\/oma.media.fi\/forssan-lehti\/vapun-vaikutus-painetun-lehden-jakeluun-2\/\" \/>\n<meta property=\"og:site_name\" content=\"Forssan Lehti\" \/>\n<meta property=\"article:published_time\" content=\"2026-04-27T04:00:03+00:00\" \/>\n<meta name=\"author\" content=\"Iina\" \/>\n<meta name=\"twitter:card\" content=\"summary_large_image\" \/>\n<meta name=\"twitter:label1\" content=\"Kirjoittanut\" \/>\n\t<meta name=\"twitter:data1\" content=\"Iina\" \/>\n\t<meta name=\"twitter:label2\" content=\"Arvioitu lukuaika\" \/>\n\t<meta name=\"twitter:data2\" content=\"1 minuutti\" \/>\n<script type=\"application\/ld+json\" class=\"yoast-schema-graph\">{\"@context\":\"https:\/\/schema.org\",\"@graph\":[{\"@type\":\"WebPage\",\"@id\":\"https:\/\/oma.media.fi\/forssan-lehti\/vapun-vaikutus-painetun-lehden-jakeluun-2\/\",\"url\":\"https:\/\/oma.media.fi\/forssan-lehti\/vapun-vaikutus-painetun-lehden-jakeluun-2\/\",\"name\":\"Vapun vaikutus painetun lehden jakeluun - Forssan Lehti\",\"isPartOf\":{\"@id\":\"https:\/\/oma.media.fi\/forssan-lehti\/#website\"},\"datePublished\":\"2026-04-27T04:00:03+00:00\",\"author\":{\"@id\":\"https:\/\/oma.media.fi\/forssan-lehti\/#\/schema\/person\/890294e62b8799b5d053744718dfc35c\"},\"description\":\"Luettavaa verkossa vuoden jokaisena p\u00e4iv\u00e4n\u00e4. Kun painettu lehti ei pyhien vuoksi ilmesty, julkaisemme tuoreen digilehden, jossa on runsaasti ajankohtaista ja ajatonta luettavaa. Muistathan my\u00f6s, ett\u00e4 verkkopalvelumme uutisoi vuoden jokaisena p\u00e4iv\u00e4n\u00e4\",\"breadcrumb\":{\"@id\":\"https:\/\/oma.media.fi\/forssan-lehti\/vapun-vaikutus-painetun-lehden-jakeluun-2\/#breadcrumb\"},\"inLanguage\":\"fi\",\"potentialAction\":[{\"@type\":\"ReadAction\",\"target\":[\"https:\/\/oma.media.fi\/forssan-lehti\/vapun-vaikutus-painetun-lehden-jakeluun-2\/\"]}]},{\"@type\":\"BreadcrumbList\",\"@id\":\"https:\/\/oma.media.fi\/forssan-lehti\/vapun-vaikutus-painetun-lehden-jakeluun-2\/#breadcrumb\",\"itemListElement\":[{\"@type\":\"ListItem\",\"position\":1,\"name\":\"Etusivu\",\"item\":\"https:\/\/oma.media.fi\/forssan-lehti\/\"},{\"@type\":\"ListItem\",\"position\":2,\"name\":\"Vapun vaikutus painetun lehden jakeluun\"}]},{\"@type\":\"WebSite\",\"@id\":\"https:\/\/oma.media.fi\/forssan-lehti\/#website\",\"url\":\"https:\/\/oma.media.fi\/forssan-lehti\/\",\"name\":\"Forssan Lehti\",\"description\":\"\",\"potentialAction\":[{\"@type\":\"SearchAction\",\"target\":{\"@type\":\"EntryPoint\",\"urlTemplate\":\"https:\/\/oma.media.fi\/forssan-lehti\/?s={search_term_string}\"},\"query-input\":{\"@type\":\"PropertyValueSpecification\",\"valueRequired\":true,\"valueName\":\"search_term_string\"}}],\"inLanguage\":\"fi\"},{\"@type\":\"Person\",\"@id\":\"https:\/\/oma.media.fi\/forssan-lehti\/#\/schema\/person\/890294e62b8799b5d053744718dfc35c\",\"name\":\"Iina\",\"image\":{\"@type\":\"ImageObject\",\"inLanguage\":\"fi\",\"@id\":\"https:\/\/oma.media.fi\/forssan-lehti\/#\/schema\/person\/image\/\",\"url\":\"https:\/\/secure.gravatar.com\/avatar\/901e44d0c5bf15e772938208c2989d373790a705024de44aef27719032f8dd05?s=96&d=identicon&r=g\",\"contentUrl\":\"https:\/\/secure.gravatar.com\/avatar\/901e44d0c5bf15e772938208c2989d373790a705024de44aef27719032f8dd05?s=96&d=identicon&r=g\",\"caption\":\"Iina\"},\"url\":\"https:\/\/oma.media.fi\/forssan-lehti\/author\/iinasoikkeli\/\"}]}<\/script>\n<!-- \/ Yoast SEO plugin. -->","yoast_head_json":{"title":"Vapun vaikutus painetun lehden jakeluun - Forssan Lehti","description":"Luettavaa verkossa vuoden jokaisena p\u00e4iv\u00e4n\u00e4. Kun painettu lehti ei pyhien vuoksi ilmesty, julkaisemme tuoreen digilehden, jossa on runsaasti ajankohtaista ja ajatonta luettavaa. Muistathan my\u00f6s, ett\u00e4 verkkopalvelumme uutisoi vuoden jokaisena p\u00e4iv\u00e4n\u00e4","robots":{"index":"index","follow":"follow","max-snippet":"max-snippet:-1","max-image-preview":"max-image-preview:large","max-video-preview":"max-video-preview:-1"},"canonical":"https:\/\/oma.media.fi\/forssan-lehti\/vapun-vaikutus-painetun-lehden-jakeluun-2\/","og_locale":"fi_FI","og_type":"article","og_title":"Vapun vaikutus painetun lehden jakeluun","og_description":"Luettavaa verkossa vuoden jokaisena p\u00e4iv\u00e4n\u00e4. Kun painettu lehti ei pyhien vuoksi ilmesty, julkaisemme tuoreen digilehden, jossa on runsaasti ajankohtaista ja ajatonta luettavaa. Muistathan my\u00f6s, ett\u00e4 verkkopalvelumme uutisoi vuoden jokaisena p\u00e4iv\u00e4n\u00e4","og_url":"https:\/\/oma.media.fi\/forssan-lehti\/vapun-vaikutus-painetun-lehden-jakeluun-2\/","og_site_name":"Forssan Lehti","article_published_time":"2026-04-27T04:00:03+00:00","author":"Iina","twitter_card":"summary_large_image","twitter_misc":{"Kirjoittanut":"Iina","Arvioitu lukuaika":"1 minuutti"},"schema":{"@context":"https:\/\/schema.org","@graph":[{"@type":"WebPage","@id":"https:\/\/oma.media.fi\/forssan-lehti\/vapun-vaikutus-painetun-lehden-jakeluun-2\/","url":"https:\/\/oma.media.fi\/forssan-lehti\/vapun-vaikutus-painetun-lehden-jakeluun-2\/","name":"Vapun vaikutus painetun lehden jakeluun - Forssan Lehti","isPartOf":{"@id":"https:\/\/oma.media.fi\/forssan-lehti\/#website"},"datePublished":"2026-04-27T04:00:03+00:00","author":{"@id":"https:\/\/oma.media.fi\/forssan-lehti\/#\/schema\/person\/890294e62b8799b5d053744718dfc35c"},"description":"Luettavaa verkossa vuoden jokaisena p\u00e4iv\u00e4n\u00e4. Kun painettu lehti ei pyhien vuoksi ilmesty, julkaisemme tuoreen digilehden, jossa on runsaasti ajankohtaista ja ajatonta luettavaa. Muistathan my\u00f6s, ett\u00e4 verkkopalvelumme uutisoi vuoden jokaisena p\u00e4iv\u00e4n\u00e4","breadcrumb":{"@id":"https:\/\/oma.media.fi\/forssan-lehti\/vapun-vaikutus-painetun-lehden-jakeluun-2\/#breadcrumb"},"inLanguage":"fi","potentialAction":[{"@type":"ReadAction","target":["https:\/\/oma.media.fi\/forssan-lehti\/vapun-vaikutus-painetun-lehden-jakeluun-2\/"]}]},{"@type":"BreadcrumbList","@id":"https:\/\/oma.media.fi\/forssan-lehti\/vapun-vaikutus-painetun-lehden-jakeluun-2\/#breadcrumb","itemListElement":[{"@type":"ListItem","position":1,"name":"Etusivu","item":"https:\/\/oma.media.fi\/forssan-lehti\/"},{"@type":"ListItem","position":2,"name":"Vapun vaikutus painetun lehden jakeluun"}]},{"@type":"WebSite","@id":"https:\/\/oma.media.fi\/forssan-lehti\/#website","url":"https:\/\/oma.media.fi\/forssan-lehti\/","name":"Forssan Lehti","description":"","potentialAction":[{"@type":"SearchAction","target":{"@type":"EntryPoint","urlTemplate":"https:\/\/oma.media.fi\/forssan-lehti\/?s={search_term_string}"},"query-input":{"@type":"PropertyValueSpecification","valueRequired":true,"valueName":"search_term_string"}}],"inLanguage":"fi"},{"@type":"Person","@id":"https:\/\/oma.media.fi\/forssan-lehti\/#\/schema\/person\/890294e62b8799b5d053744718dfc35c","name":"Iina","image":{"@type":"ImageObject","inLanguage":"fi","@id":"https:\/\/oma.media.fi\/forssan-lehti\/#\/schema\/person\/image\/","url":"https:\/\/secure.gravatar.com\/avatar\/901e44d0c5bf15e772938208c2989d373790a705024de44aef27719032f8dd05?s=96&d=identicon&r=g","contentUrl":"https:\/\/secure.gravatar.com\/avatar\/901e44d0c5bf15e772938208c2989d373790a705024de44aef27719032f8dd05?s=96&d=identicon&r=g","caption":"Iina"},"url":"https:\/\/oma.media.fi\/forssan-lehti\/author\/iinasoikkeli\/"}]}},"publishpress_future_action":{"enabled":false,"date":"2026-05-07 02:55:23","action":"change-status","newStatus":"draft","terms":[],"taxonomy":"category","extraData":[]},"publishpress_future_workflow_manual_trigger":{"enabledWorkflows":[]},"_links":{"self":[{"href":"https:\/\/oma.media.fi\/forssan-lehti\/wp-json\/wp\/v2\/posts\/4917","targetHints":{"allow":["GET"]}}],"collection":[{"href":"https:\/\/oma.media.fi\/forssan-lehti\/wp-json\/wp\/v2\/posts"}],"about":[{"href":"https:\/\/oma.media.fi\/forssan-lehti\/wp-json\/wp\/v2\/types\/post"}],"author":[{"embeddable":true,"href":"https:\/\/oma.media.fi\/forssan-lehti\/wp-json\/wp\/v2\/users\/6"}],"replies":[{"embeddable":true,"href":"https:\/\/oma.media.fi\/forssan-lehti\/wp-json\/wp\/v2\/comments?post=4917"}],"version-history":[{"count":3,"href":"https:\/\/oma.media.fi\/forssan-lehti\/wp-json\/wp\/v2\/posts\/4917\/revisions"}],"predecessor-version":[{"id":4920,"href":"https:\/\/oma.media.fi\/forssan-lehti\/wp-json\/wp\/v2\/posts\/4917\/revisions\/4920"}],"wp:attachment":[{"href":"https:\/\/oma.media.fi\/forssan-lehti\/wp-json\/wp\/v2\/media?parent=4917"}],"wp:term":[{"taxonomy":"category","embeddable":true,"href":"https:\/\/oma.media.fi\/forssan-lehti\/wp-json\/wp\/v2\/categories?post=4917"},{"taxonomy":"post_tag","embeddable":true,"href":"https:\/\/oma.media.fi\/forssan-lehti\/wp-json\/wp\/v2\/tags?post=4917"}],"curies":[{"name":"wp","href":"https:\/\/api.w.org\/{rel}","templated":true}]}}