{"id":6121,"date":"2023-05-10T09:03:54","date_gmt":"2023-05-10T06:03:54","guid":{"rendered":"https:\/\/oma.media.fi\/lansi-savo\/?p=6121"},"modified":"2023-05-10T09:03:54","modified_gmt":"2023-05-10T06:03:54","slug":"helatorstain-jalkeinen-digilehti-verkossa-perjantaina-19-5-2023","status":"publish","type":"post","link":"https:\/\/oma.media.fi\/lansi-savo\/helatorstain-jalkeinen-digilehti-verkossa-perjantaina-19-5-2023\/","title":{"rendered":"Helatorstain j\u00e4lkeinen digilehti verkossa perjantaina 19.5.2023"},"content":{"rendered":"<p><strong>L\u00e4nsi-Savo tarjoaa luettavaa verkossa vuoden jokaisena p\u00e4iv\u00e4n\u00e4.<\/strong> Helatorstain j\u00e4lkeisen\u00e4 p\u00e4iv\u00e4n\u00e4 19.5. julkaisemme tuoreen digilehden, jossa on runsaasti ajankohtaista ja ajatonta luettavaa sinua varten. T\u00e4m\u00e4n lis\u00e4ksi verkkopalvelumme uutisoi ajantasaisesti my\u00f6s juhlapyhin\u00e4.<\/p>\n<p>Juhlapyhien lukupaketit ovat luettavissa Mediatunnuksellasi <a href=\"http:\/\/Lansi-Savo.fi\/nakoislehti\">Lansi-Savo.fi-verkkopalvelussa<\/a> sek\u00e4 p\u00e4iv\u00e4n lehti -sovelluksessa sen ilmestymisp\u00e4iv\u00e4n\u00e4 ja j\u00e4lkik\u00e4teen arkistosta. Juhlapyhien digilehdet ilmestyv\u00e4t my\u00f6s muiden juhlapyhien yhteydess\u00e4.<\/p>\n<p><strong>Painettu lehti ilmestyy torstaina 18.5. ja seuraavan kerran lauantaina 20.5.2023<\/strong><\/p>\n<p>Juhlapyhien digilehden lukemiseen sinun tulee kirjautua omalla Mediatunnuksellasi. Mik\u00e4li sinulla ei viel\u00e4 ole Mediatunnusta, katso ohjeet tunnuksen luomiseksi videolta:<\/p>\n<div class=\"video-container\"><iframe loading=\"lazy\" title=\"Mediakonserni Keskisuomalainen | Tilaajan ohjevideot: Mediatunnuksen luominen tilaajana\" width=\"500\" height=\"281\" src=\"https:\/\/www.youtube.com\/embed\/IQ9rH-RYhyY?feature=oembed\" frameborder=\"0\" allow=\"accelerometer; autoplay; clipboard-write; encrypted-media; gyroscope; picture-in-picture; web-share\" referrerpolicy=\"strict-origin-when-cross-origin\" allowfullscreen><\/iframe><\/div>\n<hr \/>\n<p>&nbsp;<\/p>\n<p><strong>Pyh\u00e4p\u00e4iv\u00e4t vaikuttavat asiakaspalvelumme aukioloihin ja ilmoituksien j\u00e4tt\u00f6\u00f6n seuraavasti:<\/strong><\/p>\n<p><strong>Asiakaspalvelu<\/strong><br \/>\non suljettu torstaina 18.5.<\/p>\n<p><strong>Kuluttajailmoitukset<\/strong><br \/>\ntorstain 18.5. lehteen keskiviikkona 17.5. klo 14 menness\u00e4<br \/>\nlauantain 20.5., sunnuntain 21.5. sek\u00e4 maanantain 22.5. lehtiin perjantaina 19.5. klo 14 menness\u00e4<\/p>\n<p>&nbsp;<\/p>\n<p><em>Tiesith\u00e4n, ett\u00e4 verkkoasioinnistamme l\u00f6yd\u00e4t vastaukset <a href=\"https:\/\/oma.media.fi\/lansi-savo\/ukk\/\">usein kysyttyihin kysymyksiin<\/a>, pystyt <a href=\"https:\/\/oma.media.fi\/lansi-savo\/ilmoita\/\">j\u00e4tt\u00e4m\u00e4\u00e4n ilmoituksia<\/a> sek\u00e4 tekem\u00e4\u00e4n <a href=\"https:\/\/media.portal.worldoftulo.com\/login\">jakelunkeskeytykset ja osoitteenmuutokset<\/a> my\u00f6s asiakaspalvelumme ollessa suljettu. Lis\u00e4tietoja Mediatunnuksesta ja sen luomisesta <a href=\"https:\/\/oma.media.fi\/lansi-savo\/mediatunnukset\/\">l\u00f6yd\u00e4t t\u00e4\u00e4lt\u00e4<\/a>.<\/em><\/p>\n","protected":false},"excerpt":{"rendered":"<p>tarjoaa luettavaa verkossa vuoden jokaisena p\u00e4iv\u00e4n\u00e4. Helatorstain j\u00e4lkeisen\u00e4 p\u00e4iv\u00e4n\u00e4 19.5. julkaisemme tuoreen digilehden, jossa on runsaasti ajankohtaista ja ajatonta luettavaa sinua varten. T\u00e4m\u00e4n lis\u00e4ksi verkkopalvelumme uutisoi ajantasaisesti my\u00f6s juhlapyhin\u00e4. Juhlapyhien lukupaketit ovat luettavissa Mediatunnuksellasi -verkkopalvelussa sek\u00e4 p\u00e4iv\u00e4n lehti -sovelluksessa sen ilmestymisp\u00e4iv\u00e4n\u00e4 ja j\u00e4lkik\u00e4teen arkistosta. Juhlapyhien digilehdet ilmestyv\u00e4t my\u00f6s muiden juhlapyhien yhteydess\u00e4. Painettu lehti ilmestyy torstaina [&hellip;]<\/p>\n","protected":false},"author":6,"featured_media":0,"comment_status":"closed","ping_status":"closed","sticky":false,"template":"","format":"standard","meta":{"_acf_changed":false,"footnotes":""},"categories":[1],"tags":[],"class_list":["post-6121","post","type-post","status-publish","format-standard","hentry","category-yleinen"],"acf":[],"yoast_head":"<!-- This site is optimized with the Yoast SEO plugin v26.2 - https:\/\/yoast.com\/wordpress\/plugins\/seo\/ -->\n<title>Helatorstain j\u00e4lkeinen digilehti verkossa perjantaina 19.5.2023 - L\u00e4nsi-Savo<\/title>\n<meta name=\"robots\" content=\"index, follow, max-snippet:-1, max-image-preview:large, max-video-preview:-1\" \/>\n<link rel=\"canonical\" href=\"https:\/\/oma.media.fi\/lansi-savo\/helatorstain-jalkeinen-digilehti-verkossa-perjantaina-19-5-2023\/\" \/>\n<meta property=\"og:locale\" content=\"fi_FI\" \/>\n<meta property=\"og:type\" content=\"article\" \/>\n<meta property=\"og:title\" content=\"Helatorstain j\u00e4lkeinen digilehti verkossa perjantaina 19.5.2023\" \/>\n<meta property=\"og:description\" content=\"tarjoaa luettavaa verkossa vuoden jokaisena p\u00e4iv\u00e4n\u00e4. Helatorstain j\u00e4lkeisen\u00e4 p\u00e4iv\u00e4n\u00e4 19.5. julkaisemme tuoreen digilehden, jossa on runsaasti ajankohtaista ja ajatonta luettavaa sinua varten. T\u00e4m\u00e4n lis\u00e4ksi verkkopalvelumme uutisoi ajantasaisesti my\u00f6s juhlapyhin\u00e4. Juhlapyhien lukupaketit ovat luettavissa Mediatunnuksellasi -verkkopalvelussa sek\u00e4 p\u00e4iv\u00e4n lehti -sovelluksessa sen ilmestymisp\u00e4iv\u00e4n\u00e4 ja j\u00e4lkik\u00e4teen arkistosta. Juhlapyhien digilehdet ilmestyv\u00e4t my\u00f6s muiden juhlapyhien yhteydess\u00e4. Painettu lehti ilmestyy torstaina [&hellip;]\" \/>\n<meta property=\"og:url\" content=\"https:\/\/oma.media.fi\/lansi-savo\/helatorstain-jalkeinen-digilehti-verkossa-perjantaina-19-5-2023\/\" \/>\n<meta property=\"og:site_name\" content=\"L\u00e4nsi-Savo\" \/>\n<meta property=\"article:published_time\" content=\"2023-05-10T06:03:54+00:00\" \/>\n<meta name=\"author\" content=\"Iina\" \/>\n<meta name=\"twitter:card\" content=\"summary_large_image\" \/>\n<meta name=\"twitter:label1\" content=\"Kirjoittanut\" \/>\n\t<meta name=\"twitter:data1\" content=\"Iina\" \/>\n\t<meta name=\"twitter:label2\" content=\"Arvioitu lukuaika\" \/>\n\t<meta name=\"twitter:data2\" content=\"1 minuutti\" \/>\n<script type=\"application\/ld+json\" class=\"yoast-schema-graph\">{\"@context\":\"https:\/\/schema.org\",\"@graph\":[{\"@type\":\"WebPage\",\"@id\":\"https:\/\/oma.media.fi\/lansi-savo\/helatorstain-jalkeinen-digilehti-verkossa-perjantaina-19-5-2023\/\",\"url\":\"https:\/\/oma.media.fi\/lansi-savo\/helatorstain-jalkeinen-digilehti-verkossa-perjantaina-19-5-2023\/\",\"name\":\"Helatorstain j\u00e4lkeinen digilehti verkossa perjantaina 19.5.2023 - L\u00e4nsi-Savo\",\"isPartOf\":{\"@id\":\"https:\/\/oma.media.fi\/lansi-savo\/#website\"},\"datePublished\":\"2023-05-10T06:03:54+00:00\",\"author\":{\"@id\":\"https:\/\/oma.media.fi\/lansi-savo\/#\/schema\/person\/890294e62b8799b5d053744718dfc35c\"},\"breadcrumb\":{\"@id\":\"https:\/\/oma.media.fi\/lansi-savo\/helatorstain-jalkeinen-digilehti-verkossa-perjantaina-19-5-2023\/#breadcrumb\"},\"inLanguage\":\"fi\",\"potentialAction\":[{\"@type\":\"ReadAction\",\"target\":[\"https:\/\/oma.media.fi\/lansi-savo\/helatorstain-jalkeinen-digilehti-verkossa-perjantaina-19-5-2023\/\"]}]},{\"@type\":\"BreadcrumbList\",\"@id\":\"https:\/\/oma.media.fi\/lansi-savo\/helatorstain-jalkeinen-digilehti-verkossa-perjantaina-19-5-2023\/#breadcrumb\",\"itemListElement\":[{\"@type\":\"ListItem\",\"position\":1,\"name\":\"Etusivu\",\"item\":\"https:\/\/oma.media.fi\/lansi-savo\/\"},{\"@type\":\"ListItem\",\"position\":2,\"name\":\"Helatorstain j\u00e4lkeinen digilehti verkossa perjantaina 19.5.2023\"}]},{\"@type\":\"WebSite\",\"@id\":\"https:\/\/oma.media.fi\/lansi-savo\/#website\",\"url\":\"https:\/\/oma.media.fi\/lansi-savo\/\",\"name\":\"L\u00e4nsi-Savo\",\"description\":\"\",\"potentialAction\":[{\"@type\":\"SearchAction\",\"target\":{\"@type\":\"EntryPoint\",\"urlTemplate\":\"https:\/\/oma.media.fi\/lansi-savo\/?s={search_term_string}\"},\"query-input\":{\"@type\":\"PropertyValueSpecification\",\"valueRequired\":true,\"valueName\":\"search_term_string\"}}],\"inLanguage\":\"fi\"},{\"@type\":\"Person\",\"@id\":\"https:\/\/oma.media.fi\/lansi-savo\/#\/schema\/person\/890294e62b8799b5d053744718dfc35c\",\"name\":\"Iina\",\"image\":{\"@type\":\"ImageObject\",\"inLanguage\":\"fi\",\"@id\":\"https:\/\/oma.media.fi\/lansi-savo\/#\/schema\/person\/image\/\",\"url\":\"https:\/\/secure.gravatar.com\/avatar\/901e44d0c5bf15e772938208c2989d373790a705024de44aef27719032f8dd05?s=96&d=identicon&r=g\",\"contentUrl\":\"https:\/\/secure.gravatar.com\/avatar\/901e44d0c5bf15e772938208c2989d373790a705024de44aef27719032f8dd05?s=96&d=identicon&r=g\",\"caption\":\"Iina\"},\"url\":\"https:\/\/oma.media.fi\/lansi-savo\/author\/iinasoikkeli\/\"}]}<\/script>\n<!-- \/ Yoast SEO plugin. -->","yoast_head_json":{"title":"Helatorstain j\u00e4lkeinen digilehti verkossa perjantaina 19.5.2023 - L\u00e4nsi-Savo","robots":{"index":"index","follow":"follow","max-snippet":"max-snippet:-1","max-image-preview":"max-image-preview:large","max-video-preview":"max-video-preview:-1"},"canonical":"https:\/\/oma.media.fi\/lansi-savo\/helatorstain-jalkeinen-digilehti-verkossa-perjantaina-19-5-2023\/","og_locale":"fi_FI","og_type":"article","og_title":"Helatorstain j\u00e4lkeinen digilehti verkossa perjantaina 19.5.2023","og_description":"tarjoaa luettavaa verkossa vuoden jokaisena p\u00e4iv\u00e4n\u00e4. Helatorstain j\u00e4lkeisen\u00e4 p\u00e4iv\u00e4n\u00e4 19.5. julkaisemme tuoreen digilehden, jossa on runsaasti ajankohtaista ja ajatonta luettavaa sinua varten. T\u00e4m\u00e4n lis\u00e4ksi verkkopalvelumme uutisoi ajantasaisesti my\u00f6s juhlapyhin\u00e4. Juhlapyhien lukupaketit ovat luettavissa Mediatunnuksellasi -verkkopalvelussa sek\u00e4 p\u00e4iv\u00e4n lehti -sovelluksessa sen ilmestymisp\u00e4iv\u00e4n\u00e4 ja j\u00e4lkik\u00e4teen arkistosta. Juhlapyhien digilehdet ilmestyv\u00e4t my\u00f6s muiden juhlapyhien yhteydess\u00e4. Painettu lehti ilmestyy torstaina [&hellip;]","og_url":"https:\/\/oma.media.fi\/lansi-savo\/helatorstain-jalkeinen-digilehti-verkossa-perjantaina-19-5-2023\/","og_site_name":"L\u00e4nsi-Savo","article_published_time":"2023-05-10T06:03:54+00:00","author":"Iina","twitter_card":"summary_large_image","twitter_misc":{"Kirjoittanut":"Iina","Arvioitu lukuaika":"1 minuutti"},"schema":{"@context":"https:\/\/schema.org","@graph":[{"@type":"WebPage","@id":"https:\/\/oma.media.fi\/lansi-savo\/helatorstain-jalkeinen-digilehti-verkossa-perjantaina-19-5-2023\/","url":"https:\/\/oma.media.fi\/lansi-savo\/helatorstain-jalkeinen-digilehti-verkossa-perjantaina-19-5-2023\/","name":"Helatorstain j\u00e4lkeinen digilehti verkossa perjantaina 19.5.2023 - L\u00e4nsi-Savo","isPartOf":{"@id":"https:\/\/oma.media.fi\/lansi-savo\/#website"},"datePublished":"2023-05-10T06:03:54+00:00","author":{"@id":"https:\/\/oma.media.fi\/lansi-savo\/#\/schema\/person\/890294e62b8799b5d053744718dfc35c"},"breadcrumb":{"@id":"https:\/\/oma.media.fi\/lansi-savo\/helatorstain-jalkeinen-digilehti-verkossa-perjantaina-19-5-2023\/#breadcrumb"},"inLanguage":"fi","potentialAction":[{"@type":"ReadAction","target":["https:\/\/oma.media.fi\/lansi-savo\/helatorstain-jalkeinen-digilehti-verkossa-perjantaina-19-5-2023\/"]}]},{"@type":"BreadcrumbList","@id":"https:\/\/oma.media.fi\/lansi-savo\/helatorstain-jalkeinen-digilehti-verkossa-perjantaina-19-5-2023\/#breadcrumb","itemListElement":[{"@type":"ListItem","position":1,"name":"Etusivu","item":"https:\/\/oma.media.fi\/lansi-savo\/"},{"@type":"ListItem","position":2,"name":"Helatorstain j\u00e4lkeinen digilehti verkossa perjantaina 19.5.2023"}]},{"@type":"WebSite","@id":"https:\/\/oma.media.fi\/lansi-savo\/#website","url":"https:\/\/oma.media.fi\/lansi-savo\/","name":"L\u00e4nsi-Savo","description":"","potentialAction":[{"@type":"SearchAction","target":{"@type":"EntryPoint","urlTemplate":"https:\/\/oma.media.fi\/lansi-savo\/?s={search_term_string}"},"query-input":{"@type":"PropertyValueSpecification","valueRequired":true,"valueName":"search_term_string"}}],"inLanguage":"fi"},{"@type":"Person","@id":"https:\/\/oma.media.fi\/lansi-savo\/#\/schema\/person\/890294e62b8799b5d053744718dfc35c","name":"Iina","image":{"@type":"ImageObject","inLanguage":"fi","@id":"https:\/\/oma.media.fi\/lansi-savo\/#\/schema\/person\/image\/","url":"https:\/\/secure.gravatar.com\/avatar\/901e44d0c5bf15e772938208c2989d373790a705024de44aef27719032f8dd05?s=96&d=identicon&r=g","contentUrl":"https:\/\/secure.gravatar.com\/avatar\/901e44d0c5bf15e772938208c2989d373790a705024de44aef27719032f8dd05?s=96&d=identicon&r=g","caption":"Iina"},"url":"https:\/\/oma.media.fi\/lansi-savo\/author\/iinasoikkeli\/"}]}},"publishpress_future_action":{"enabled":false,"date":"2026-05-08 21:12:44","action":"change-status","newStatus":"draft","terms":[],"taxonomy":"category","extraData":[]},"publishpress_future_workflow_manual_trigger":{"enabledWorkflows":[]},"_links":{"self":[{"href":"https:\/\/oma.media.fi\/lansi-savo\/wp-json\/wp\/v2\/posts\/6121","targetHints":{"allow":["GET"]}}],"collection":[{"href":"https:\/\/oma.media.fi\/lansi-savo\/wp-json\/wp\/v2\/posts"}],"about":[{"href":"https:\/\/oma.media.fi\/lansi-savo\/wp-json\/wp\/v2\/types\/post"}],"author":[{"embeddable":true,"href":"https:\/\/oma.media.fi\/lansi-savo\/wp-json\/wp\/v2\/users\/6"}],"replies":[{"embeddable":true,"href":"https:\/\/oma.media.fi\/lansi-savo\/wp-json\/wp\/v2\/comments?post=6121"}],"version-history":[{"count":3,"href":"https:\/\/oma.media.fi\/lansi-savo\/wp-json\/wp\/v2\/posts\/6121\/revisions"}],"predecessor-version":[{"id":6183,"href":"https:\/\/oma.media.fi\/lansi-savo\/wp-json\/wp\/v2\/posts\/6121\/revisions\/6183"}],"wp:attachment":[{"href":"https:\/\/oma.media.fi\/lansi-savo\/wp-json\/wp\/v2\/media?parent=6121"}],"wp:term":[{"taxonomy":"category","embeddable":true,"href":"https:\/\/oma.media.fi\/lansi-savo\/wp-json\/wp\/v2\/categories?post=6121"},{"taxonomy":"post_tag","embeddable":true,"href":"https:\/\/oma.media.fi\/lansi-savo\/wp-json\/wp\/v2\/tags?post=6121"}],"curies":[{"name":"wp","href":"https:\/\/api.w.org\/{rel}","templated":true}]}}