{"id":1772,"date":"2025-10-10T12:31:17","date_gmt":"2025-10-10T09:31:17","guid":{"rendered":"https:\/\/oma.media.fi\/lansivayla\/?p=1772"},"modified":"2025-10-10T12:31:17","modified_gmt":"2025-10-10T09:31:17","slug":"lisaarvoa-lansivaylan-tilaajille-uusi-lv-ekstra-ilmestyy-aina-lauantaisin","status":"publish","type":"post","link":"https:\/\/oma.media.fi\/lansivayla\/lisaarvoa-lansivaylan-tilaajille-uusi-lv-ekstra-ilmestyy-aina-lauantaisin\/","title":{"rendered":"Lis\u00e4arvoa L\u00e4nsiv\u00e4yl\u00e4n tilaajille: uusi LV Ekstra ilmestyy aina lauantaisin"},"content":{"rendered":"<p>LV Ekstra kokoaa yhteen viikon laadukkaimmat ja syv\u00e4llisimm\u00e4t sis\u00e4ll\u00f6t. Se on lukuel\u00e4mys, joka ilmestyy n\u00e4k\u00f6islehden tapaan L\u00e4nsiv\u00e4yl\u00e4n verkkopalvelussa, osoitteessa <a href=\"https:\/\/www.lansivayla.fi\/nakoislehti\/\">lansilayla.fi\/nakoislehti<\/a>. Lukupaketti sis\u00e4lt\u00e4\u00e4 my\u00f6s toivotut ristikot ja sudokut.<\/p>\n<h2>Valikoitua journalismia juuri sinulle<\/h2>\n<p>LV Ekstra on suunnattu erityisesti sinulle, joka arvostat valmiiksi kuratoitua ja valikoitua journalismia.<\/p>\n<p>LV Ekstra sis\u00e4ltyy L\u00e4nsiv\u00e4yl\u00e4n tilaukseen ja tarjoaa lis\u00e4arvoa tilauksellesi.<\/p>\n<p><strong>\u00a0<\/strong><\/p>\n<p><strong>Mik\u00e4 on LV Ekstra?<\/strong><\/p>\n<ul>\n<li>Uusi digitaalinen, viikoittainen kuratoitu lukupaketti.<\/li>\n<li>Ilmestyy lauantaisin verkossa ja sovelluksessa, <a href=\"https:\/\/www.lansivayla.fi\/nakoislehti\/\">n\u00e4k\u00f6islehti-osiossa<\/a>.<\/li>\n<li>Sis\u00e4lt\u00e4\u00e4 viikon parhaat ja syv\u00e4llisimm\u00e4t jutut + sudokuja ja ristikoita.<\/li>\n<\/ul>\n<p><strong>Mist\u00e4 sen l\u00f6yt\u00e4\u00e4?<\/strong><\/p>\n<ul>\n<li>L\u00e4nsiv\u00e4yl\u00e4n verkkosivuilta, <a href=\"https:\/\/www.lansivayla.fi\/nakoislehti\/\">n\u00e4k\u00f6islehti-osiosta<\/a>.<\/li>\n<li>LV-sovelluksesta, Lehdet-osiosta.<\/li>\n<\/ul>\n<p><strong>\u00a0<\/strong><\/p>\n<p><strong>T\u00e4rke\u00e4t linkit:<\/strong><\/p>\n<p><a href=\"https:\/\/www.lansivayla.fi\/nakoislehti\/\">LV Ekstra L\u00e4nsiv\u00e4yl\u00e4n sivuilla<\/a><\/p>\n<p><a href=\"https:\/\/oma.media.fi\/lansivayla\/mediatunnukset\/\">Luo Mediatunnus<\/a> \u2013 se on avain kaikkiin sis\u00e4lt\u00f6ihimme<\/p>\n<p><a href=\"https:\/\/oma.media.fi\/lansivayla\/yhteystiedot\/ota-yhteytta\/\">Ota yhteytt\u00e4 asiakaspalveluun<\/a><\/p>\n<p><strong>\u00a0<\/strong><\/p>\n<p><strong>LV Ekstra on eksklusiivista tilaajasis\u00e4lt\u00f6\u00e4, jota p\u00e4\u00e4see lukemaan vain L\u00e4nsiv\u00e4yl\u00e4n tilaajat.<\/strong><\/p>\n<p><a href=\"https:\/\/tilaa.media.fi\/kl\/mm_ke?accountOrigin=lava\">Tilaa L\u00e4nsiv\u00e4yl\u00e4 nyt<\/a><\/p>\n","protected":false},"excerpt":{"rendered":"<p>LV Ekstra kokoaa yhteen viikon laadukkaimmat ja syv\u00e4llisimm\u00e4t sis\u00e4ll\u00f6t. Se on lukuel\u00e4mys, joka ilmestyy n\u00e4k\u00f6islehden tapaan L\u00e4nsiv\u00e4yl\u00e4n verkkopalvelussa, osoitteessa lansilayla.fi\/nakoislehti. Lukupaketti sis\u00e4lt\u00e4\u00e4 my\u00f6s toivotut ristikot ja sudokut. Valikoitua journalismia juuri sinulle LV Ekstra on suunnattu erityisesti sinulle, joka arvostat valmiiksi kuratoitua ja valikoitua journalismia. LV Ekstra sis\u00e4ltyy L\u00e4nsiv\u00e4yl\u00e4n tilaukseen ja tarjoaa lis\u00e4arvoa tilauksellesi. \u00a0 Mik\u00e4 [&hellip;]<\/p>\n","protected":false},"author":68,"featured_media":1775,"comment_status":"closed","ping_status":"closed","sticky":false,"template":"","format":"standard","meta":{"_acf_changed":false,"footnotes":""},"categories":[1],"tags":[],"class_list":["post-1772","post","type-post","status-publish","format-standard","has-post-thumbnail","hentry","category-yleinen"],"acf":[],"yoast_head":"<!-- This site is optimized with the Yoast SEO plugin v26.2 - https:\/\/yoast.com\/wordpress\/plugins\/seo\/ -->\n<title>Lis\u00e4arvoa L\u00e4nsiv\u00e4yl\u00e4n tilaajille: uusi LV Ekstra ilmestyy aina lauantaisin - L\u00e4nsiv\u00e4yl\u00e4<\/title>\n<meta name=\"robots\" content=\"index, follow, max-snippet:-1, max-image-preview:large, max-video-preview:-1\" \/>\n<link rel=\"canonical\" href=\"https:\/\/oma.media.fi\/lansivayla\/lisaarvoa-lansivaylan-tilaajille-uusi-lv-ekstra-ilmestyy-aina-lauantaisin\/\" \/>\n<meta property=\"og:locale\" content=\"fi_FI\" \/>\n<meta property=\"og:type\" content=\"article\" \/>\n<meta property=\"og:title\" content=\"Lis\u00e4arvoa L\u00e4nsiv\u00e4yl\u00e4n tilaajille: uusi LV Ekstra ilmestyy aina lauantaisin\" \/>\n<meta property=\"og:description\" content=\"LV Ekstra kokoaa yhteen viikon laadukkaimmat ja syv\u00e4llisimm\u00e4t sis\u00e4ll\u00f6t. Se on lukuel\u00e4mys, joka ilmestyy n\u00e4k\u00f6islehden tapaan L\u00e4nsiv\u00e4yl\u00e4n verkkopalvelussa, osoitteessa lansilayla.fi\/nakoislehti. Lukupaketti sis\u00e4lt\u00e4\u00e4 my\u00f6s toivotut ristikot ja sudokut. Valikoitua journalismia juuri sinulle LV Ekstra on suunnattu erityisesti sinulle, joka arvostat valmiiksi kuratoitua ja valikoitua journalismia. LV Ekstra sis\u00e4ltyy L\u00e4nsiv\u00e4yl\u00e4n tilaukseen ja tarjoaa lis\u00e4arvoa tilauksellesi. \u00a0 Mik\u00e4 [&hellip;]\" \/>\n<meta property=\"og:url\" content=\"https:\/\/oma.media.fi\/lansivayla\/lisaarvoa-lansivaylan-tilaajille-uusi-lv-ekstra-ilmestyy-aina-lauantaisin\/\" \/>\n<meta property=\"og:site_name\" content=\"L\u00e4nsiv\u00e4yl\u00e4\" \/>\n<meta property=\"article:published_time\" content=\"2025-10-10T09:31:17+00:00\" \/>\n<meta property=\"og:image\" content=\"https:\/\/oma.media.fi\/lansivayla\/wp-content\/uploads\/sites\/54\/2025\/10\/600x250_ekstra.jpg\" \/>\n\t<meta property=\"og:image:width\" content=\"600\" \/>\n\t<meta property=\"og:image:height\" content=\"250\" \/>\n\t<meta property=\"og:image:type\" content=\"image\/jpeg\" \/>\n<meta name=\"author\" content=\"Marke-Riitta Knuts\" \/>\n<meta name=\"twitter:card\" content=\"summary_large_image\" \/>\n<meta name=\"twitter:label1\" content=\"Kirjoittanut\" \/>\n\t<meta name=\"twitter:data1\" content=\"Marke-Riitta Knuts\" \/>\n\t<meta name=\"twitter:label2\" content=\"Arvioitu lukuaika\" \/>\n\t<meta name=\"twitter:data2\" content=\"2 minuuttia\" \/>\n<script type=\"application\/ld+json\" class=\"yoast-schema-graph\">{\"@context\":\"https:\/\/schema.org\",\"@graph\":[{\"@type\":\"WebPage\",\"@id\":\"https:\/\/oma.media.fi\/lansivayla\/lisaarvoa-lansivaylan-tilaajille-uusi-lv-ekstra-ilmestyy-aina-lauantaisin\/\",\"url\":\"https:\/\/oma.media.fi\/lansivayla\/lisaarvoa-lansivaylan-tilaajille-uusi-lv-ekstra-ilmestyy-aina-lauantaisin\/\",\"name\":\"Lis\u00e4arvoa L\u00e4nsiv\u00e4yl\u00e4n tilaajille: uusi LV Ekstra ilmestyy aina lauantaisin - L\u00e4nsiv\u00e4yl\u00e4\",\"isPartOf\":{\"@id\":\"https:\/\/oma.media.fi\/lansivayla\/#website\"},\"primaryImageOfPage\":{\"@id\":\"https:\/\/oma.media.fi\/lansivayla\/lisaarvoa-lansivaylan-tilaajille-uusi-lv-ekstra-ilmestyy-aina-lauantaisin\/#primaryimage\"},\"image\":{\"@id\":\"https:\/\/oma.media.fi\/lansivayla\/lisaarvoa-lansivaylan-tilaajille-uusi-lv-ekstra-ilmestyy-aina-lauantaisin\/#primaryimage\"},\"thumbnailUrl\":\"https:\/\/oma.media.fi\/lansivayla\/wp-content\/uploads\/sites\/54\/2025\/10\/600x250_ekstra.jpg\",\"datePublished\":\"2025-10-10T09:31:17+00:00\",\"author\":{\"@id\":\"https:\/\/oma.media.fi\/lansivayla\/#\/schema\/person\/be838c30ce6f42fe9f31eb0de749867c\"},\"breadcrumb\":{\"@id\":\"https:\/\/oma.media.fi\/lansivayla\/lisaarvoa-lansivaylan-tilaajille-uusi-lv-ekstra-ilmestyy-aina-lauantaisin\/#breadcrumb\"},\"inLanguage\":\"fi\",\"potentialAction\":[{\"@type\":\"ReadAction\",\"target\":[\"https:\/\/oma.media.fi\/lansivayla\/lisaarvoa-lansivaylan-tilaajille-uusi-lv-ekstra-ilmestyy-aina-lauantaisin\/\"]}]},{\"@type\":\"ImageObject\",\"inLanguage\":\"fi\",\"@id\":\"https:\/\/oma.media.fi\/lansivayla\/lisaarvoa-lansivaylan-tilaajille-uusi-lv-ekstra-ilmestyy-aina-lauantaisin\/#primaryimage\",\"url\":\"https:\/\/oma.media.fi\/lansivayla\/wp-content\/uploads\/sites\/54\/2025\/10\/600x250_ekstra.jpg\",\"contentUrl\":\"https:\/\/oma.media.fi\/lansivayla\/wp-content\/uploads\/sites\/54\/2025\/10\/600x250_ekstra.jpg\",\"width\":600,\"height\":250},{\"@type\":\"BreadcrumbList\",\"@id\":\"https:\/\/oma.media.fi\/lansivayla\/lisaarvoa-lansivaylan-tilaajille-uusi-lv-ekstra-ilmestyy-aina-lauantaisin\/#breadcrumb\",\"itemListElement\":[{\"@type\":\"ListItem\",\"position\":1,\"name\":\"Etusivu\",\"item\":\"https:\/\/oma.media.fi\/lansivayla\/\"},{\"@type\":\"ListItem\",\"position\":2,\"name\":\"Lis\u00e4arvoa L\u00e4nsiv\u00e4yl\u00e4n tilaajille: uusi LV Ekstra ilmestyy aina lauantaisin\"}]},{\"@type\":\"WebSite\",\"@id\":\"https:\/\/oma.media.fi\/lansivayla\/#website\",\"url\":\"https:\/\/oma.media.fi\/lansivayla\/\",\"name\":\"L\u00e4nsiv\u00e4yl\u00e4\",\"description\":\"\",\"potentialAction\":[{\"@type\":\"SearchAction\",\"target\":{\"@type\":\"EntryPoint\",\"urlTemplate\":\"https:\/\/oma.media.fi\/lansivayla\/?s={search_term_string}\"},\"query-input\":{\"@type\":\"PropertyValueSpecification\",\"valueRequired\":true,\"valueName\":\"search_term_string\"}}],\"inLanguage\":\"fi\"},{\"@type\":\"Person\",\"@id\":\"https:\/\/oma.media.fi\/lansivayla\/#\/schema\/person\/be838c30ce6f42fe9f31eb0de749867c\",\"name\":\"Marke-Riitta Knuts\",\"image\":{\"@type\":\"ImageObject\",\"inLanguage\":\"fi\",\"@id\":\"https:\/\/oma.media.fi\/lansivayla\/#\/schema\/person\/image\/\",\"url\":\"https:\/\/secure.gravatar.com\/avatar\/06d52302b880524c025b15f685f95c3098f2dae0fb51cd01c7749bccd36a21aa?s=96&d=identicon&r=g\",\"contentUrl\":\"https:\/\/secure.gravatar.com\/avatar\/06d52302b880524c025b15f685f95c3098f2dae0fb51cd01c7749bccd36a21aa?s=96&d=identicon&r=g\",\"caption\":\"Marke-Riitta Knuts\"},\"sameAs\":[\"https:\/\/oma.media.fi\/\"],\"url\":\"https:\/\/oma.media.fi\/lansivayla\/author\/markeriittaknuts\/\"}]}<\/script>\n<!-- \/ Yoast SEO plugin. -->","yoast_head_json":{"title":"Lis\u00e4arvoa L\u00e4nsiv\u00e4yl\u00e4n tilaajille: uusi LV Ekstra ilmestyy aina lauantaisin - L\u00e4nsiv\u00e4yl\u00e4","robots":{"index":"index","follow":"follow","max-snippet":"max-snippet:-1","max-image-preview":"max-image-preview:large","max-video-preview":"max-video-preview:-1"},"canonical":"https:\/\/oma.media.fi\/lansivayla\/lisaarvoa-lansivaylan-tilaajille-uusi-lv-ekstra-ilmestyy-aina-lauantaisin\/","og_locale":"fi_FI","og_type":"article","og_title":"Lis\u00e4arvoa L\u00e4nsiv\u00e4yl\u00e4n tilaajille: uusi LV Ekstra ilmestyy aina lauantaisin","og_description":"LV Ekstra kokoaa yhteen viikon laadukkaimmat ja syv\u00e4llisimm\u00e4t sis\u00e4ll\u00f6t. Se on lukuel\u00e4mys, joka ilmestyy n\u00e4k\u00f6islehden tapaan L\u00e4nsiv\u00e4yl\u00e4n verkkopalvelussa, osoitteessa lansilayla.fi\/nakoislehti. Lukupaketti sis\u00e4lt\u00e4\u00e4 my\u00f6s toivotut ristikot ja sudokut. Valikoitua journalismia juuri sinulle LV Ekstra on suunnattu erityisesti sinulle, joka arvostat valmiiksi kuratoitua ja valikoitua journalismia. LV Ekstra sis\u00e4ltyy L\u00e4nsiv\u00e4yl\u00e4n tilaukseen ja tarjoaa lis\u00e4arvoa tilauksellesi. \u00a0 Mik\u00e4 [&hellip;]","og_url":"https:\/\/oma.media.fi\/lansivayla\/lisaarvoa-lansivaylan-tilaajille-uusi-lv-ekstra-ilmestyy-aina-lauantaisin\/","og_site_name":"L\u00e4nsiv\u00e4yl\u00e4","article_published_time":"2025-10-10T09:31:17+00:00","og_image":[{"width":600,"height":250,"url":"https:\/\/oma.media.fi\/lansivayla\/wp-content\/uploads\/sites\/54\/2025\/10\/600x250_ekstra.jpg","type":"image\/jpeg"}],"author":"Marke-Riitta Knuts","twitter_card":"summary_large_image","twitter_misc":{"Kirjoittanut":"Marke-Riitta Knuts","Arvioitu lukuaika":"2 minuuttia"},"schema":{"@context":"https:\/\/schema.org","@graph":[{"@type":"WebPage","@id":"https:\/\/oma.media.fi\/lansivayla\/lisaarvoa-lansivaylan-tilaajille-uusi-lv-ekstra-ilmestyy-aina-lauantaisin\/","url":"https:\/\/oma.media.fi\/lansivayla\/lisaarvoa-lansivaylan-tilaajille-uusi-lv-ekstra-ilmestyy-aina-lauantaisin\/","name":"Lis\u00e4arvoa L\u00e4nsiv\u00e4yl\u00e4n tilaajille: uusi LV Ekstra ilmestyy aina lauantaisin - L\u00e4nsiv\u00e4yl\u00e4","isPartOf":{"@id":"https:\/\/oma.media.fi\/lansivayla\/#website"},"primaryImageOfPage":{"@id":"https:\/\/oma.media.fi\/lansivayla\/lisaarvoa-lansivaylan-tilaajille-uusi-lv-ekstra-ilmestyy-aina-lauantaisin\/#primaryimage"},"image":{"@id":"https:\/\/oma.media.fi\/lansivayla\/lisaarvoa-lansivaylan-tilaajille-uusi-lv-ekstra-ilmestyy-aina-lauantaisin\/#primaryimage"},"thumbnailUrl":"https:\/\/oma.media.fi\/lansivayla\/wp-content\/uploads\/sites\/54\/2025\/10\/600x250_ekstra.jpg","datePublished":"2025-10-10T09:31:17+00:00","author":{"@id":"https:\/\/oma.media.fi\/lansivayla\/#\/schema\/person\/be838c30ce6f42fe9f31eb0de749867c"},"breadcrumb":{"@id":"https:\/\/oma.media.fi\/lansivayla\/lisaarvoa-lansivaylan-tilaajille-uusi-lv-ekstra-ilmestyy-aina-lauantaisin\/#breadcrumb"},"inLanguage":"fi","potentialAction":[{"@type":"ReadAction","target":["https:\/\/oma.media.fi\/lansivayla\/lisaarvoa-lansivaylan-tilaajille-uusi-lv-ekstra-ilmestyy-aina-lauantaisin\/"]}]},{"@type":"ImageObject","inLanguage":"fi","@id":"https:\/\/oma.media.fi\/lansivayla\/lisaarvoa-lansivaylan-tilaajille-uusi-lv-ekstra-ilmestyy-aina-lauantaisin\/#primaryimage","url":"https:\/\/oma.media.fi\/lansivayla\/wp-content\/uploads\/sites\/54\/2025\/10\/600x250_ekstra.jpg","contentUrl":"https:\/\/oma.media.fi\/lansivayla\/wp-content\/uploads\/sites\/54\/2025\/10\/600x250_ekstra.jpg","width":600,"height":250},{"@type":"BreadcrumbList","@id":"https:\/\/oma.media.fi\/lansivayla\/lisaarvoa-lansivaylan-tilaajille-uusi-lv-ekstra-ilmestyy-aina-lauantaisin\/#breadcrumb","itemListElement":[{"@type":"ListItem","position":1,"name":"Etusivu","item":"https:\/\/oma.media.fi\/lansivayla\/"},{"@type":"ListItem","position":2,"name":"Lis\u00e4arvoa L\u00e4nsiv\u00e4yl\u00e4n tilaajille: uusi LV Ekstra ilmestyy aina lauantaisin"}]},{"@type":"WebSite","@id":"https:\/\/oma.media.fi\/lansivayla\/#website","url":"https:\/\/oma.media.fi\/lansivayla\/","name":"L\u00e4nsiv\u00e4yl\u00e4","description":"","potentialAction":[{"@type":"SearchAction","target":{"@type":"EntryPoint","urlTemplate":"https:\/\/oma.media.fi\/lansivayla\/?s={search_term_string}"},"query-input":{"@type":"PropertyValueSpecification","valueRequired":true,"valueName":"search_term_string"}}],"inLanguage":"fi"},{"@type":"Person","@id":"https:\/\/oma.media.fi\/lansivayla\/#\/schema\/person\/be838c30ce6f42fe9f31eb0de749867c","name":"Marke-Riitta Knuts","image":{"@type":"ImageObject","inLanguage":"fi","@id":"https:\/\/oma.media.fi\/lansivayla\/#\/schema\/person\/image\/","url":"https:\/\/secure.gravatar.com\/avatar\/06d52302b880524c025b15f685f95c3098f2dae0fb51cd01c7749bccd36a21aa?s=96&d=identicon&r=g","contentUrl":"https:\/\/secure.gravatar.com\/avatar\/06d52302b880524c025b15f685f95c3098f2dae0fb51cd01c7749bccd36a21aa?s=96&d=identicon&r=g","caption":"Marke-Riitta Knuts"},"sameAs":["https:\/\/oma.media.fi\/"],"url":"https:\/\/oma.media.fi\/lansivayla\/author\/markeriittaknuts\/"}]}},"publishpress_future_action":{"enabled":false,"date":"2026-05-08 08:14:29","action":"change-status","newStatus":"draft","terms":[],"taxonomy":"category","extraData":[]},"publishpress_future_workflow_manual_trigger":{"enabledWorkflows":[]},"_links":{"self":[{"href":"https:\/\/oma.media.fi\/lansivayla\/wp-json\/wp\/v2\/posts\/1772","targetHints":{"allow":["GET"]}}],"collection":[{"href":"https:\/\/oma.media.fi\/lansivayla\/wp-json\/wp\/v2\/posts"}],"about":[{"href":"https:\/\/oma.media.fi\/lansivayla\/wp-json\/wp\/v2\/types\/post"}],"author":[{"embeddable":true,"href":"https:\/\/oma.media.fi\/lansivayla\/wp-json\/wp\/v2\/users\/68"}],"replies":[{"embeddable":true,"href":"https:\/\/oma.media.fi\/lansivayla\/wp-json\/wp\/v2\/comments?post=1772"}],"version-history":[{"count":2,"href":"https:\/\/oma.media.fi\/lansivayla\/wp-json\/wp\/v2\/posts\/1772\/revisions"}],"predecessor-version":[{"id":1774,"href":"https:\/\/oma.media.fi\/lansivayla\/wp-json\/wp\/v2\/posts\/1772\/revisions\/1774"}],"wp:featuredmedia":[{"embeddable":true,"href":"https:\/\/oma.media.fi\/lansivayla\/wp-json\/wp\/v2\/media\/1775"}],"wp:attachment":[{"href":"https:\/\/oma.media.fi\/lansivayla\/wp-json\/wp\/v2\/media?parent=1772"}],"wp:term":[{"taxonomy":"category","embeddable":true,"href":"https:\/\/oma.media.fi\/lansivayla\/wp-json\/wp\/v2\/categories?post=1772"},{"taxonomy":"post_tag","embeddable":true,"href":"https:\/\/oma.media.fi\/lansivayla\/wp-json\/wp\/v2\/tags?post=1772"}],"curies":[{"name":"wp","href":"https:\/\/api.w.org\/{rel}","templated":true}]}}