{"id":801,"date":"2023-11-09T09:42:15","date_gmt":"2023-11-09T07:42:15","guid":{"rendered":"https:\/\/oma.media.fi\/lansivayla\/?p=801"},"modified":"2023-12-15T16:28:52","modified_gmt":"2023-12-15T14:28:52","slug":"espoo-sinun-kaupunkisi-lansivayla-digi-vie-sinut-espoon-sykkeeseen","status":"publish","type":"post","link":"https:\/\/oma.media.fi\/lansivayla\/espoo-sinun-kaupunkisi-lansivayla-digi-vie-sinut-espoon-sykkeeseen\/","title":{"rendered":"Espoo &#8211; sinun kaupunkisi. L\u00e4nsiv\u00e4yl\u00e4 digi kertoo Espoon koko kuvan"},"content":{"rendered":"<h2><strong>Seuraamalla L\u00e4nsiv\u00e4yl\u00e4\u00e4, p\u00e4\u00e4set syvemm\u00e4lle Espooseen<\/strong><\/h2>\n<p>Arki on aina paikallista. Ja hyv\u00e4 arki tekee el\u00e4m\u00e4st\u00e4 juhlaa. L\u00e4nsiv\u00e4yl\u00e4\u00e4 lukemalla olet osa yhteis\u00f6\u00e4si ja kaupungin sykett\u00e4.<\/p>\n<h2>Muuttuva Espoo<\/h2>\n<p>Espoo on Suomen toisiksi suurin kaupunki ja Espoon kasvu vain jatkuu. L\u00e4nsiv\u00e4yl\u00e4 seuraa ja arvioi Espoon kasvua, uusien alueiden suunnittelua, kaavoitusta ja rakentamista. Ymp\u00e4rist\u00f6 muuttuu. L\u00e4nsiv\u00e4yl\u00e4 kertoo, mit\u00e4 kotikulmillasi tapahtuu.<\/p>\n<p>Miten kuntapolitiikka ja p\u00e4\u00e4t\u00f6ksenteko vaikuttavat espoolaiseen arkeen? Mit\u00e4 p\u00e4\u00e4t\u00f6ksi\u00e4 on tulossa ja mitk\u00e4 ovat p\u00e4\u00e4t\u00f6sten seuraukset? L\u00e4hidemokratia edellytt\u00e4\u00e4 tarkkaa, monipuolista ja riippumatonta paikallista mediaa. T\u00e4\u00e4ll\u00e4 l\u00e4nness\u00e4 sellainen onneksi on.<\/p>\n<p>Espoo on suomalaisen bisnesel\u00e4m\u00e4n p\u00e4\u00e4n\u00e4ytt\u00e4m\u00f6. Kansainv\u00e4linen yritt\u00e4minen, start upit, Keilaniemi \u2013 yritt\u00e4jyys ja talous ovat L\u00e4nsiv\u00e4yl\u00e4n kestoaiheita.<\/p>\n<p>Yhteiskunta muuttuu kovaa vauhtia monikulttuurisemmaksi. L\u00e4nsiv\u00e4yl\u00e4 nostaa ja k\u00e4sittelee Espoon asioita moni\u00e4\u00e4nisesti. Esimerkiksi koulumaailmanilmi\u00f6t puhuttavat espoolaisissa perheiss\u00e4 p\u00e4ivitt\u00e4in.<\/p>\n<p>L\u00e4nsiv\u00e4yl\u00e4, laajempi kuva Espoosta.<\/p>\n<p>&nbsp;<\/p>\n<h2>Arjen Espoo<\/h2>\n<p>L\u00e4nsiv\u00e4yl\u00e4 on Espoon ja espoolaisuuden ytimess\u00e4. Kaupunkilaisten luotettavin tiedonl\u00e4hde. L\u00e4nsiv\u00e4yl\u00e4 digi ohjaa sinut oleellisen tiedon pariin.<\/p>\n<p>L\u00e4nsiv\u00e4yl\u00e4\u00e4 lukemalla saat tietoa, jonka avulla voit vaikuttaa omaan arkeesi ja ymp\u00e4rist\u00f6\u00f6si. Huomioidaanko py\u00f6r\u00e4ilij\u00f6it\u00e4 riitt\u00e4v\u00e4sti? L\u00f6ytyyk\u00f6 autoilijoille parkkipaikkoja? Onko metrolla, bussilla ja junalla kulkeminen sujuvaa?<\/p>\n<p>Mik\u00e4 on sinun terveysasemasi? Miss\u00e4 ja miten l\u00e4\u00e4k\u00e4rille varataan aika? Oman hyvinvoinnin tukeminen paikallisilla palveluilla? Mist\u00e4 l\u00f6ytyv\u00e4t kattavimmat liikuntapalvelut, parhaat liikuntapaikat ja ulkoilureitit? Miten yhdist\u00e4\u00e4 ty\u00f6 ja perhe Espoossa? Arjen asiat, ty\u00f6 ja ura sek\u00e4 parisuhde: paikallista n\u00e4k\u00f6kulmaa universaaleihin aiheisiin.<\/p>\n<p>Espoolainen ansaitsee enemm\u00e4n.<\/p>\n<p>&nbsp;<\/p>\n<h2>El\u00e4mysten Espoo<\/h2>\n<p>L\u00e4nsiv\u00e4yl\u00e4 digi nostaa esiin kiinnostavimmat ihmiset, koskettavimmat kulttuuriel\u00e4mykset ja syk\u00e4hdytt\u00e4vimm\u00e4t urheilijat.<\/p>\n<p>Espoon ravintolatarjonta on runsas ja monipuolinen. Kuka avaa uuden ravintolan ja minne? Kuka lopettaa? Keit\u00e4 ravintoloitsijat ovat? Mit\u00e4 kriitikot sanovat? Oletko jo tutustunut L\u00e4nsiv\u00e4yl\u00e4n ravintolakierrokseen?<\/p>\n<p>Koska kaikki hyv\u00e4 on l\u00e4hell\u00e4, L\u00e4nsiv\u00e4yl\u00e4 digi vie sinut l\u00e4hiluontoon ja tutustuttaa l\u00e4himatkailuun \u2013 tai ainakin kertoo, mist\u00e4 l\u00f6ytyv\u00e4t upeat kohteet. Lis\u00e4ksi nostalgiajutut ja historiareportaasit tuottavat ja syvent\u00e4v\u00e4t Espoo-tuntemustasi.<\/p>\n<p>L\u00e4nsiv\u00e4yl\u00e4st\u00e4 luet parhaat menovinkit sek\u00e4 parhaat ravintolat, esiintyj\u00e4t ja tapahtumat espoolaisille.<\/p>\n<p>&nbsp;<\/p>\n<h2>L\u00e4nsiv\u00e4yl\u00e4 digi puolustaa Espoota ja espoolaisia ja valvoo Suomen toisiksi suurimman kaupungin etuja.<\/h2>\n<p>Keskeist\u00e4 on n\u00e4hd\u00e4, mitk\u00e4 asiat vaikuttavat espoolaisen arkeen ja resonoivat siten laajemmin koko espoolaisel\u00e4m\u00e4\u00e4n. Uudistunut, runsaampi ja ajankohtaisempi L\u00e4nsiv\u00e4yl\u00e4 menee yksityiskohtiin ja katsoo laajaa kuvaa.<\/p>\n<p>Tilaajana saat kaiken ja heti.<\/p>\n<p>&nbsp;<\/p>\n<p><em>Uusi tilattava L\u00e4nsiv\u00e4yl\u00e4 digi sukeltaa syv\u00e4lle Espooseen, vie maisemareiteille ja sivukujille \u2013 kertoo Espoon koko kuvan. Lue kaikki Espoosta ja heti osoitteessa lansivayla.fi. Kokeile 1 \u20ac \/ kk. Lansivayla.fi\/tilaus<\/em><\/p>\n<p><em>Tilaus sis\u00e4lt\u00e4\u00e4 kokonaan uudet Kruunujutut, Lansivayla.fi-verkkopalvelun sek\u00e4 sovelluksen.<\/em><\/p>\n","protected":false},"excerpt":{"rendered":"<p>Seuraamalla L\u00e4nsiv\u00e4yl\u00e4\u00e4, p\u00e4\u00e4set syvemm\u00e4lle Espooseen Arki on aina paikallista. Ja hyv\u00e4 arki tekee el\u00e4m\u00e4st\u00e4 juhlaa. L\u00e4nsiv\u00e4yl\u00e4\u00e4 lukemalla olet osa yhteis\u00f6\u00e4si ja kaupungin sykett\u00e4. Muuttuva Espoo Espoo on Suomen toisiksi suurin kaupunki ja Espoon kasvu vain jatkuu. L\u00e4nsiv\u00e4yl\u00e4 seuraa ja arvioi Espoon kasvua, uusien alueiden suunnittelua, kaavoitusta ja rakentamista. Ymp\u00e4rist\u00f6 muuttuu. L\u00e4nsiv\u00e4yl\u00e4 kertoo, mit\u00e4 kotikulmillasi tapahtuu. [&hellip;]<\/p>\n","protected":false},"author":68,"featured_media":917,"comment_status":"closed","ping_status":"closed","sticky":false,"template":"","format":"standard","meta":{"_acf_changed":false,"footnotes":""},"categories":[1],"tags":[],"class_list":["post-801","post","type-post","status-publish","format-standard","has-post-thumbnail","hentry","category-yleinen"],"acf":[],"yoast_head":"<!-- This site is optimized with the Yoast SEO plugin v26.2 - https:\/\/yoast.com\/wordpress\/plugins\/seo\/ -->\n<title>Espoo - sinun kaupunkisi. L\u00e4nsiv\u00e4yl\u00e4 digi kertoo Espoon koko kuvan - L\u00e4nsiv\u00e4yl\u00e4<\/title>\n<meta name=\"robots\" content=\"index, follow, max-snippet:-1, max-image-preview:large, max-video-preview:-1\" \/>\n<link rel=\"canonical\" href=\"https:\/\/oma.media.fi\/lansivayla\/espoo-sinun-kaupunkisi-lansivayla-digi-vie-sinut-espoon-sykkeeseen\/\" \/>\n<meta property=\"og:locale\" content=\"fi_FI\" \/>\n<meta property=\"og:type\" content=\"article\" \/>\n<meta property=\"og:title\" content=\"Espoo &#8211; sinun kaupunkisi. L\u00e4nsiv\u00e4yl\u00e4 digi kertoo Espoon koko kuvan\" \/>\n<meta property=\"og:description\" content=\"Seuraamalla L\u00e4nsiv\u00e4yl\u00e4\u00e4, p\u00e4\u00e4set syvemm\u00e4lle Espooseen Arki on aina paikallista. Ja hyv\u00e4 arki tekee el\u00e4m\u00e4st\u00e4 juhlaa. L\u00e4nsiv\u00e4yl\u00e4\u00e4 lukemalla olet osa yhteis\u00f6\u00e4si ja kaupungin sykett\u00e4. Muuttuva Espoo Espoo on Suomen toisiksi suurin kaupunki ja Espoon kasvu vain jatkuu. L\u00e4nsiv\u00e4yl\u00e4 seuraa ja arvioi Espoon kasvua, uusien alueiden suunnittelua, kaavoitusta ja rakentamista. Ymp\u00e4rist\u00f6 muuttuu. L\u00e4nsiv\u00e4yl\u00e4 kertoo, mit\u00e4 kotikulmillasi tapahtuu. [&hellip;]\" \/>\n<meta property=\"og:url\" content=\"https:\/\/oma.media.fi\/lansivayla\/espoo-sinun-kaupunkisi-lansivayla-digi-vie-sinut-espoon-sykkeeseen\/\" \/>\n<meta property=\"og:site_name\" content=\"L\u00e4nsiv\u00e4yl\u00e4\" \/>\n<meta property=\"article:published_time\" content=\"2023-11-09T07:42:15+00:00\" \/>\n<meta property=\"article:modified_time\" content=\"2023-12-15T14:28:52+00:00\" \/>\n<meta property=\"og:image\" content=\"https:\/\/oma.media.fi\/lansivayla\/wp-content\/uploads\/sites\/54\/2023\/11\/600x300px_mobiili_kaupunkitausta_LV.jpg\" \/>\n\t<meta property=\"og:image:width\" content=\"600\" \/>\n\t<meta property=\"og:image:height\" content=\"300\" \/>\n\t<meta property=\"og:image:type\" content=\"image\/jpeg\" \/>\n<meta name=\"author\" content=\"Marke-Riitta Knuts\" \/>\n<meta name=\"twitter:card\" content=\"summary_large_image\" \/>\n<meta name=\"twitter:label1\" content=\"Kirjoittanut\" \/>\n\t<meta name=\"twitter:data1\" content=\"Marke-Riitta Knuts\" \/>\n\t<meta name=\"twitter:label2\" content=\"Arvioitu lukuaika\" \/>\n\t<meta name=\"twitter:data2\" content=\"3 minuuttia\" \/>\n<script type=\"application\/ld+json\" class=\"yoast-schema-graph\">{\"@context\":\"https:\/\/schema.org\",\"@graph\":[{\"@type\":\"WebPage\",\"@id\":\"https:\/\/oma.media.fi\/lansivayla\/espoo-sinun-kaupunkisi-lansivayla-digi-vie-sinut-espoon-sykkeeseen\/\",\"url\":\"https:\/\/oma.media.fi\/lansivayla\/espoo-sinun-kaupunkisi-lansivayla-digi-vie-sinut-espoon-sykkeeseen\/\",\"name\":\"Espoo - sinun kaupunkisi. L\u00e4nsiv\u00e4yl\u00e4 digi kertoo Espoon koko kuvan - L\u00e4nsiv\u00e4yl\u00e4\",\"isPartOf\":{\"@id\":\"https:\/\/oma.media.fi\/lansivayla\/#website\"},\"primaryImageOfPage\":{\"@id\":\"https:\/\/oma.media.fi\/lansivayla\/espoo-sinun-kaupunkisi-lansivayla-digi-vie-sinut-espoon-sykkeeseen\/#primaryimage\"},\"image\":{\"@id\":\"https:\/\/oma.media.fi\/lansivayla\/espoo-sinun-kaupunkisi-lansivayla-digi-vie-sinut-espoon-sykkeeseen\/#primaryimage\"},\"thumbnailUrl\":\"https:\/\/oma.media.fi\/lansivayla\/wp-content\/uploads\/sites\/54\/2023\/11\/600x300px_mobiili_kaupunkitausta_LV.jpg\",\"datePublished\":\"2023-11-09T07:42:15+00:00\",\"dateModified\":\"2023-12-15T14:28:52+00:00\",\"author\":{\"@id\":\"https:\/\/oma.media.fi\/lansivayla\/#\/schema\/person\/be838c30ce6f42fe9f31eb0de749867c\"},\"breadcrumb\":{\"@id\":\"https:\/\/oma.media.fi\/lansivayla\/espoo-sinun-kaupunkisi-lansivayla-digi-vie-sinut-espoon-sykkeeseen\/#breadcrumb\"},\"inLanguage\":\"fi\",\"potentialAction\":[{\"@type\":\"ReadAction\",\"target\":[\"https:\/\/oma.media.fi\/lansivayla\/espoo-sinun-kaupunkisi-lansivayla-digi-vie-sinut-espoon-sykkeeseen\/\"]}]},{\"@type\":\"ImageObject\",\"inLanguage\":\"fi\",\"@id\":\"https:\/\/oma.media.fi\/lansivayla\/espoo-sinun-kaupunkisi-lansivayla-digi-vie-sinut-espoon-sykkeeseen\/#primaryimage\",\"url\":\"https:\/\/oma.media.fi\/lansivayla\/wp-content\/uploads\/sites\/54\/2023\/11\/600x300px_mobiili_kaupunkitausta_LV.jpg\",\"contentUrl\":\"https:\/\/oma.media.fi\/lansivayla\/wp-content\/uploads\/sites\/54\/2023\/11\/600x300px_mobiili_kaupunkitausta_LV.jpg\",\"width\":600,\"height\":300,\"caption\":\"woman checks stock market in mobile phone\"},{\"@type\":\"BreadcrumbList\",\"@id\":\"https:\/\/oma.media.fi\/lansivayla\/espoo-sinun-kaupunkisi-lansivayla-digi-vie-sinut-espoon-sykkeeseen\/#breadcrumb\",\"itemListElement\":[{\"@type\":\"ListItem\",\"position\":1,\"name\":\"Etusivu\",\"item\":\"https:\/\/oma.media.fi\/lansivayla\/\"},{\"@type\":\"ListItem\",\"position\":2,\"name\":\"Espoo &#8211; sinun kaupunkisi. L\u00e4nsiv\u00e4yl\u00e4 digi kertoo Espoon koko kuvan\"}]},{\"@type\":\"WebSite\",\"@id\":\"https:\/\/oma.media.fi\/lansivayla\/#website\",\"url\":\"https:\/\/oma.media.fi\/lansivayla\/\",\"name\":\"L\u00e4nsiv\u00e4yl\u00e4\",\"description\":\"\",\"potentialAction\":[{\"@type\":\"SearchAction\",\"target\":{\"@type\":\"EntryPoint\",\"urlTemplate\":\"https:\/\/oma.media.fi\/lansivayla\/?s={search_term_string}\"},\"query-input\":{\"@type\":\"PropertyValueSpecification\",\"valueRequired\":true,\"valueName\":\"search_term_string\"}}],\"inLanguage\":\"fi\"},{\"@type\":\"Person\",\"@id\":\"https:\/\/oma.media.fi\/lansivayla\/#\/schema\/person\/be838c30ce6f42fe9f31eb0de749867c\",\"name\":\"Marke-Riitta Knuts\",\"image\":{\"@type\":\"ImageObject\",\"inLanguage\":\"fi\",\"@id\":\"https:\/\/oma.media.fi\/lansivayla\/#\/schema\/person\/image\/\",\"url\":\"https:\/\/secure.gravatar.com\/avatar\/06d52302b880524c025b15f685f95c3098f2dae0fb51cd01c7749bccd36a21aa?s=96&d=identicon&r=g\",\"contentUrl\":\"https:\/\/secure.gravatar.com\/avatar\/06d52302b880524c025b15f685f95c3098f2dae0fb51cd01c7749bccd36a21aa?s=96&d=identicon&r=g\",\"caption\":\"Marke-Riitta Knuts\"},\"sameAs\":[\"https:\/\/oma.media.fi\/\"],\"url\":\"https:\/\/oma.media.fi\/lansivayla\/author\/markeriittaknuts\/\"}]}<\/script>\n<!-- \/ Yoast SEO plugin. -->","yoast_head_json":{"title":"Espoo - sinun kaupunkisi. L\u00e4nsiv\u00e4yl\u00e4 digi kertoo Espoon koko kuvan - L\u00e4nsiv\u00e4yl\u00e4","robots":{"index":"index","follow":"follow","max-snippet":"max-snippet:-1","max-image-preview":"max-image-preview:large","max-video-preview":"max-video-preview:-1"},"canonical":"https:\/\/oma.media.fi\/lansivayla\/espoo-sinun-kaupunkisi-lansivayla-digi-vie-sinut-espoon-sykkeeseen\/","og_locale":"fi_FI","og_type":"article","og_title":"Espoo &#8211; sinun kaupunkisi. L\u00e4nsiv\u00e4yl\u00e4 digi kertoo Espoon koko kuvan","og_description":"Seuraamalla L\u00e4nsiv\u00e4yl\u00e4\u00e4, p\u00e4\u00e4set syvemm\u00e4lle Espooseen Arki on aina paikallista. Ja hyv\u00e4 arki tekee el\u00e4m\u00e4st\u00e4 juhlaa. L\u00e4nsiv\u00e4yl\u00e4\u00e4 lukemalla olet osa yhteis\u00f6\u00e4si ja kaupungin sykett\u00e4. Muuttuva Espoo Espoo on Suomen toisiksi suurin kaupunki ja Espoon kasvu vain jatkuu. L\u00e4nsiv\u00e4yl\u00e4 seuraa ja arvioi Espoon kasvua, uusien alueiden suunnittelua, kaavoitusta ja rakentamista. Ymp\u00e4rist\u00f6 muuttuu. L\u00e4nsiv\u00e4yl\u00e4 kertoo, mit\u00e4 kotikulmillasi tapahtuu. [&hellip;]","og_url":"https:\/\/oma.media.fi\/lansivayla\/espoo-sinun-kaupunkisi-lansivayla-digi-vie-sinut-espoon-sykkeeseen\/","og_site_name":"L\u00e4nsiv\u00e4yl\u00e4","article_published_time":"2023-11-09T07:42:15+00:00","article_modified_time":"2023-12-15T14:28:52+00:00","og_image":[{"width":600,"height":300,"url":"https:\/\/oma.media.fi\/lansivayla\/wp-content\/uploads\/sites\/54\/2023\/11\/600x300px_mobiili_kaupunkitausta_LV.jpg","type":"image\/jpeg"}],"author":"Marke-Riitta Knuts","twitter_card":"summary_large_image","twitter_misc":{"Kirjoittanut":"Marke-Riitta Knuts","Arvioitu lukuaika":"3 minuuttia"},"schema":{"@context":"https:\/\/schema.org","@graph":[{"@type":"WebPage","@id":"https:\/\/oma.media.fi\/lansivayla\/espoo-sinun-kaupunkisi-lansivayla-digi-vie-sinut-espoon-sykkeeseen\/","url":"https:\/\/oma.media.fi\/lansivayla\/espoo-sinun-kaupunkisi-lansivayla-digi-vie-sinut-espoon-sykkeeseen\/","name":"Espoo - sinun kaupunkisi. L\u00e4nsiv\u00e4yl\u00e4 digi kertoo Espoon koko kuvan - L\u00e4nsiv\u00e4yl\u00e4","isPartOf":{"@id":"https:\/\/oma.media.fi\/lansivayla\/#website"},"primaryImageOfPage":{"@id":"https:\/\/oma.media.fi\/lansivayla\/espoo-sinun-kaupunkisi-lansivayla-digi-vie-sinut-espoon-sykkeeseen\/#primaryimage"},"image":{"@id":"https:\/\/oma.media.fi\/lansivayla\/espoo-sinun-kaupunkisi-lansivayla-digi-vie-sinut-espoon-sykkeeseen\/#primaryimage"},"thumbnailUrl":"https:\/\/oma.media.fi\/lansivayla\/wp-content\/uploads\/sites\/54\/2023\/11\/600x300px_mobiili_kaupunkitausta_LV.jpg","datePublished":"2023-11-09T07:42:15+00:00","dateModified":"2023-12-15T14:28:52+00:00","author":{"@id":"https:\/\/oma.media.fi\/lansivayla\/#\/schema\/person\/be838c30ce6f42fe9f31eb0de749867c"},"breadcrumb":{"@id":"https:\/\/oma.media.fi\/lansivayla\/espoo-sinun-kaupunkisi-lansivayla-digi-vie-sinut-espoon-sykkeeseen\/#breadcrumb"},"inLanguage":"fi","potentialAction":[{"@type":"ReadAction","target":["https:\/\/oma.media.fi\/lansivayla\/espoo-sinun-kaupunkisi-lansivayla-digi-vie-sinut-espoon-sykkeeseen\/"]}]},{"@type":"ImageObject","inLanguage":"fi","@id":"https:\/\/oma.media.fi\/lansivayla\/espoo-sinun-kaupunkisi-lansivayla-digi-vie-sinut-espoon-sykkeeseen\/#primaryimage","url":"https:\/\/oma.media.fi\/lansivayla\/wp-content\/uploads\/sites\/54\/2023\/11\/600x300px_mobiili_kaupunkitausta_LV.jpg","contentUrl":"https:\/\/oma.media.fi\/lansivayla\/wp-content\/uploads\/sites\/54\/2023\/11\/600x300px_mobiili_kaupunkitausta_LV.jpg","width":600,"height":300,"caption":"woman checks stock market in mobile phone"},{"@type":"BreadcrumbList","@id":"https:\/\/oma.media.fi\/lansivayla\/espoo-sinun-kaupunkisi-lansivayla-digi-vie-sinut-espoon-sykkeeseen\/#breadcrumb","itemListElement":[{"@type":"ListItem","position":1,"name":"Etusivu","item":"https:\/\/oma.media.fi\/lansivayla\/"},{"@type":"ListItem","position":2,"name":"Espoo &#8211; sinun kaupunkisi. L\u00e4nsiv\u00e4yl\u00e4 digi kertoo Espoon koko kuvan"}]},{"@type":"WebSite","@id":"https:\/\/oma.media.fi\/lansivayla\/#website","url":"https:\/\/oma.media.fi\/lansivayla\/","name":"L\u00e4nsiv\u00e4yl\u00e4","description":"","potentialAction":[{"@type":"SearchAction","target":{"@type":"EntryPoint","urlTemplate":"https:\/\/oma.media.fi\/lansivayla\/?s={search_term_string}"},"query-input":{"@type":"PropertyValueSpecification","valueRequired":true,"valueName":"search_term_string"}}],"inLanguage":"fi"},{"@type":"Person","@id":"https:\/\/oma.media.fi\/lansivayla\/#\/schema\/person\/be838c30ce6f42fe9f31eb0de749867c","name":"Marke-Riitta Knuts","image":{"@type":"ImageObject","inLanguage":"fi","@id":"https:\/\/oma.media.fi\/lansivayla\/#\/schema\/person\/image\/","url":"https:\/\/secure.gravatar.com\/avatar\/06d52302b880524c025b15f685f95c3098f2dae0fb51cd01c7749bccd36a21aa?s=96&d=identicon&r=g","contentUrl":"https:\/\/secure.gravatar.com\/avatar\/06d52302b880524c025b15f685f95c3098f2dae0fb51cd01c7749bccd36a21aa?s=96&d=identicon&r=g","caption":"Marke-Riitta Knuts"},"sameAs":["https:\/\/oma.media.fi\/"],"url":"https:\/\/oma.media.fi\/lansivayla\/author\/markeriittaknuts\/"}]}},"publishpress_future_action":{"enabled":false,"date":"2026-05-08 08:25:59","action":"change-status","newStatus":"draft","terms":[],"taxonomy":"category","extraData":[]},"publishpress_future_workflow_manual_trigger":{"enabledWorkflows":[]},"_links":{"self":[{"href":"https:\/\/oma.media.fi\/lansivayla\/wp-json\/wp\/v2\/posts\/801","targetHints":{"allow":["GET"]}}],"collection":[{"href":"https:\/\/oma.media.fi\/lansivayla\/wp-json\/wp\/v2\/posts"}],"about":[{"href":"https:\/\/oma.media.fi\/lansivayla\/wp-json\/wp\/v2\/types\/post"}],"author":[{"embeddable":true,"href":"https:\/\/oma.media.fi\/lansivayla\/wp-json\/wp\/v2\/users\/68"}],"replies":[{"embeddable":true,"href":"https:\/\/oma.media.fi\/lansivayla\/wp-json\/wp\/v2\/comments?post=801"}],"version-history":[{"count":7,"href":"https:\/\/oma.media.fi\/lansivayla\/wp-json\/wp\/v2\/posts\/801\/revisions"}],"predecessor-version":[{"id":931,"href":"https:\/\/oma.media.fi\/lansivayla\/wp-json\/wp\/v2\/posts\/801\/revisions\/931"}],"wp:featuredmedia":[{"embeddable":true,"href":"https:\/\/oma.media.fi\/lansivayla\/wp-json\/wp\/v2\/media\/917"}],"wp:attachment":[{"href":"https:\/\/oma.media.fi\/lansivayla\/wp-json\/wp\/v2\/media?parent=801"}],"wp:term":[{"taxonomy":"category","embeddable":true,"href":"https:\/\/oma.media.fi\/lansivayla\/wp-json\/wp\/v2\/categories?post=801"},{"taxonomy":"post_tag","embeddable":true,"href":"https:\/\/oma.media.fi\/lansivayla\/wp-json\/wp\/v2\/tags?post=801"}],"curies":[{"name":"wp","href":"https:\/\/api.w.org\/{rel}","templated":true}]}}