{"id":803,"date":"2023-11-09T09:42:43","date_gmt":"2023-11-09T07:42:43","guid":{"rendered":"https:\/\/oma.media.fi\/lansivayla\/?p=803"},"modified":"2023-12-20T13:36:21","modified_gmt":"2023-12-20T11:36:21","slug":"uusi-lansivayla-digi-vie-sinut-syvalle-espooseen-ja-espoolaisuuteen","status":"publish","type":"post","link":"https:\/\/oma.media.fi\/lansivayla\/uusi-lansivayla-digi-vie-sinut-syvalle-espooseen-ja-espoolaisuuteen\/","title":{"rendered":"Uudistunut L\u00e4nsiv\u00e4yl\u00e4 digi vie sinut syv\u00e4lle Espooseen &#8211; Mik\u00e4 muuttuu?"},"content":{"rendered":"<p>Espoo, Suomen toiseksi suurin kaupunki, ansaitsee oman paikallisen median, joka pit\u00e4\u00e4 espoolaisten ja Espoon puolta. L\u00e4nsiv\u00e4yl\u00e4n vahvistunut toimitus kaivaa nyt monipuolisemmin, raportoi taustoittavammin ja pureutuu syv\u00e4llisemmin Espooseen ja espoolaisuuteen.<\/p>\n<p><em>Uusi tilattava L\u00e4nsiv\u00e4yl\u00e4 digi sukeltaa syv\u00e4lle Espooseen, vie maisemareiteille ja sivukujille \u2013 kertoo Espoon koko kuvan. Lue kaikki Espoosta ja heti osoitteessa <a href=\"https:\/\/www.lansivayla.fi\/\">lansivayla.fi<\/a>. <a class=\"button\" href=\"https:\/\/www.lansivayla.fi\/tilaus\">Kokeile 1 \u20ac \/ kk<\/a><\/em><\/p>\n<p>&nbsp;<\/p>\n<h2>Laajempi kuva \u2013 Espoosta<\/h2>\n<p>Kun haluat lukea uutisia Espoosta, saat ne L\u00e4nsiv\u00e4yl\u00e4st\u00e4. Painettu lehti jaetaan koteihin edelleen viikoittain.<\/p>\n<p>Uutta on laadukas, tilattava L\u00e4nsiv\u00e4yl\u00e4 digi. L\u00e4nsiv\u00e4yl\u00e4 digiss\u00e4 p\u00e4\u00e4set syvemm\u00e4lle Espooseen, luet syyt ja seuraukset tapahtumien ja p\u00e4\u00e4t\u00f6sten takaa ja tutustut espoolaisiin ihmisiin \u2013 p\u00e4\u00e4tt\u00e4jiin ja kaupunkilaisiin.<\/p>\n<p>&nbsp;<\/p>\n<h2>Ajankohtaisempi, runsaampi, syv\u00e4llisempi<\/h2>\n<p>L\u00e4nsiv\u00e4yl\u00e4 on runsaampi ja ajankohtaisempi kuin koskaan. Toimitusta on vahvistettu kolmella toimittajalla ja yhdell\u00e4 kuvajournalistilla.<\/p>\n<p>Voimme rehdisti ja ylpeydell\u00e4 sanoa, ett\u00e4 katsomme laajempaa kuvaa Espoosta \u2013 viemme lukijamme syv\u00e4lle espoolaisuuteen.<\/p>\n<p><em>\u201dEspoolainen ansaitsee enemm\u00e4n\u201d,<\/em> ajattelee L\u00e4nsiv\u00e4yl\u00e4n toimitus ja paneutuu ty\u00f6h\u00f6ns\u00e4 \u2013 Espooseen \u2013 kunnianhimoisesti, syv\u00e4llisesti ja intohimolla.<\/p>\n<p>&nbsp;<\/p>\n<h2>Arvolupaus lukijalle: L\u00e4n\u00e4ri\u00e4 lukemalla olet osa yhteis\u00f6\u00e4si ja kaupungin sykett\u00e4.<\/h2>\n<p>L\u00e4nsiv\u00e4yl\u00e4 panostaa syv\u00e4lliseen paikallisjournalismiin ja lupaa lukijoilleen t\u00e4m\u00e4n:<\/p>\n<p><strong>L\u00e4nsiv\u00e4yl\u00e4 on Espoon ja espoolaisuuden ytimess\u00e4 ja kaupunkilaisten luotettavin tiedonl\u00e4hde.<\/strong> Ohjaamme sinut oleellisen tiedon pariin.<\/p>\n<p><strong>Kerromme, mit\u00e4 Espoossa tapahtuu ja kuka p\u00e4\u00e4tt\u00e4\u00e4 sinun arkeesi vaikuttavista asioista.<\/strong> Mit\u00e4 naapuriisi rakennetaan ja mik\u00e4 on l\u00e4himets\u00e4si kohtalo? Riitt\u00e4\u00e4k\u00f6 kouluihin ja p\u00e4iv\u00e4koteihin opettajia ja kasvattajia ja kuka huolehtii ik\u00e4\u00e4ntyvist\u00e4 vanhemmistasi?<\/p>\n<p><strong>L\u00e4nsiv\u00e4yl\u00e4st\u00e4 luet parhaat menovinkit sek\u00e4 parhaat ravintolat, esiintyj\u00e4t ja tapahtumat espoolaisille.<\/strong> Nostamme esiin kiinnostavimmat ihmiset, koskettavimmat kulttuuriel\u00e4mykset ja syk\u00e4hdytt\u00e4vimm\u00e4t urheilijat.<\/p>\n<p><strong>L\u00e4nsiv\u00e4yl\u00e4\u00e4 lukemalla saat tietoa, jonka avulla voit vaikuttaa omaan arkeesi ja ymp\u00e4rist\u00f6\u00f6si.<\/strong> Huomioidaanko py\u00f6r\u00e4ilij\u00f6it\u00e4 riitt\u00e4v\u00e4sti? L\u00f6ytyyk\u00f6 autoilijoille parkkipaikkoja? Onko metrolla, bussilla ja junalla kulkeminen sujuvaa?<\/p>\n<p><strong>L\u00e4nsiv\u00e4yl\u00e4 puolustaa Espoota ja espoolaisia<\/strong> ja valvoo Suomen toisiksi suurimman kaupungin etuja.<\/p>\n<p>Tilaajana saat kaiken ja heti.<\/p>\n<p>&nbsp;<\/p>\n<p><em>Uusi tilattava L\u00e4nsiv\u00e4yl\u00e4 digi sukeltaa syv\u00e4lle Espooseen, vie maisemareiteille ja sivukujille \u2013 kertoo Espoon koko kuvan. Lue kaikki Espoosta ja heti osoitteessa <a href=\"https:\/\/www.lansivayla.fi\/\">lansivayla.fi<\/a>. <a class=\"button\" href=\"https:\/\/www.lansivayla.fi\/tilaus\">Kokeile 1 \u20ac \/ kk<\/a><\/em><\/p>\n<p><em>Tilaus sis\u00e4lt\u00e4\u00e4 kokonaan uudet <a href=\"https:\/\/www.lansivayla.fi\/aihe\/kruunujuttu\">Kruunujutut<\/a>, <a href=\"https:\/\/www.lansivayla.fi\">Lansivayla.fi-verkkopalvelun<\/a> sek\u00e4 <a href=\"https:\/\/www.lansivayla.fi\/asenna\/\">sovelluksen<\/a>.<\/em><\/p>\n","protected":false},"excerpt":{"rendered":"<p>Espoo, Suomen toiseksi suurin kaupunki, ansaitsee oman paikallisen median, joka pit\u00e4\u00e4 espoolaisten ja Espoon puolta. L\u00e4nsiv\u00e4yl\u00e4n vahvistunut toimitus kaivaa nyt monipuolisemmin, raportoi taustoittavammin ja pureutuu syv\u00e4llisemmin Espooseen ja espoolaisuuteen. Uusi tilattava L\u00e4nsiv\u00e4yl\u00e4 digi sukeltaa syv\u00e4lle Espooseen, vie maisemareiteille ja sivukujille \u2013 kertoo Espoon koko kuvan. Lue kaikki Espoosta ja heti osoitteessa lansivayla.fi. Kokeile 1 \u20ac [&hellip;]<\/p>\n","protected":false},"author":68,"featured_media":916,"comment_status":"closed","ping_status":"closed","sticky":false,"template":"","format":"standard","meta":{"_acf_changed":false,"footnotes":""},"categories":[1],"tags":[],"class_list":["post-803","post","type-post","status-publish","format-standard","has-post-thumbnail","hentry","category-yleinen"],"acf":[],"yoast_head":"<!-- This site is optimized with the Yoast SEO plugin v26.2 - https:\/\/yoast.com\/wordpress\/plugins\/seo\/ -->\n<title>Uudistunut L\u00e4nsiv\u00e4yl\u00e4 digi vie sinut syv\u00e4lle Espooseen - Mik\u00e4 muuttuu? - L\u00e4nsiv\u00e4yl\u00e4<\/title>\n<meta name=\"robots\" content=\"index, follow, max-snippet:-1, max-image-preview:large, max-video-preview:-1\" \/>\n<link rel=\"canonical\" href=\"https:\/\/oma.media.fi\/lansivayla\/uusi-lansivayla-digi-vie-sinut-syvalle-espooseen-ja-espoolaisuuteen\/\" \/>\n<meta property=\"og:locale\" content=\"fi_FI\" \/>\n<meta property=\"og:type\" content=\"article\" \/>\n<meta property=\"og:title\" content=\"Uudistunut L\u00e4nsiv\u00e4yl\u00e4 digi vie sinut syv\u00e4lle Espooseen &#8211; Mik\u00e4 muuttuu?\" \/>\n<meta property=\"og:description\" content=\"Espoo, Suomen toiseksi suurin kaupunki, ansaitsee oman paikallisen median, joka pit\u00e4\u00e4 espoolaisten ja Espoon puolta. L\u00e4nsiv\u00e4yl\u00e4n vahvistunut toimitus kaivaa nyt monipuolisemmin, raportoi taustoittavammin ja pureutuu syv\u00e4llisemmin Espooseen ja espoolaisuuteen. Uusi tilattava L\u00e4nsiv\u00e4yl\u00e4 digi sukeltaa syv\u00e4lle Espooseen, vie maisemareiteille ja sivukujille \u2013 kertoo Espoon koko kuvan. Lue kaikki Espoosta ja heti osoitteessa lansivayla.fi. Kokeile 1 \u20ac [&hellip;]\" \/>\n<meta property=\"og:url\" content=\"https:\/\/oma.media.fi\/lansivayla\/uusi-lansivayla-digi-vie-sinut-syvalle-espooseen-ja-espoolaisuuteen\/\" \/>\n<meta property=\"og:site_name\" content=\"L\u00e4nsiv\u00e4yl\u00e4\" \/>\n<meta property=\"article:published_time\" content=\"2023-11-09T07:42:43+00:00\" \/>\n<meta property=\"article:modified_time\" content=\"2023-12-20T11:36:21+00:00\" \/>\n<meta property=\"og:image\" content=\"https:\/\/oma.media.fi\/lansivayla\/wp-content\/uploads\/sites\/54\/2023\/11\/600x300px_asiakaslupaus.jpg\" \/>\n\t<meta property=\"og:image:width\" content=\"600\" \/>\n\t<meta property=\"og:image:height\" content=\"300\" \/>\n\t<meta property=\"og:image:type\" content=\"image\/jpeg\" \/>\n<meta name=\"author\" content=\"Marke-Riitta Knuts\" \/>\n<meta name=\"twitter:card\" content=\"summary_large_image\" \/>\n<meta name=\"twitter:label1\" content=\"Kirjoittanut\" \/>\n\t<meta name=\"twitter:data1\" content=\"Marke-Riitta Knuts\" \/>\n\t<meta name=\"twitter:label2\" content=\"Arvioitu lukuaika\" \/>\n\t<meta name=\"twitter:data2\" content=\"3 minuuttia\" \/>\n<script type=\"application\/ld+json\" class=\"yoast-schema-graph\">{\"@context\":\"https:\/\/schema.org\",\"@graph\":[{\"@type\":\"WebPage\",\"@id\":\"https:\/\/oma.media.fi\/lansivayla\/uusi-lansivayla-digi-vie-sinut-syvalle-espooseen-ja-espoolaisuuteen\/\",\"url\":\"https:\/\/oma.media.fi\/lansivayla\/uusi-lansivayla-digi-vie-sinut-syvalle-espooseen-ja-espoolaisuuteen\/\",\"name\":\"Uudistunut L\u00e4nsiv\u00e4yl\u00e4 digi vie sinut syv\u00e4lle Espooseen - Mik\u00e4 muuttuu? - L\u00e4nsiv\u00e4yl\u00e4\",\"isPartOf\":{\"@id\":\"https:\/\/oma.media.fi\/lansivayla\/#website\"},\"primaryImageOfPage\":{\"@id\":\"https:\/\/oma.media.fi\/lansivayla\/uusi-lansivayla-digi-vie-sinut-syvalle-espooseen-ja-espoolaisuuteen\/#primaryimage\"},\"image\":{\"@id\":\"https:\/\/oma.media.fi\/lansivayla\/uusi-lansivayla-digi-vie-sinut-syvalle-espooseen-ja-espoolaisuuteen\/#primaryimage\"},\"thumbnailUrl\":\"https:\/\/oma.media.fi\/lansivayla\/wp-content\/uploads\/sites\/54\/2023\/11\/600x300px_asiakaslupaus.jpg\",\"datePublished\":\"2023-11-09T07:42:43+00:00\",\"dateModified\":\"2023-12-20T11:36:21+00:00\",\"author\":{\"@id\":\"https:\/\/oma.media.fi\/lansivayla\/#\/schema\/person\/be838c30ce6f42fe9f31eb0de749867c\"},\"breadcrumb\":{\"@id\":\"https:\/\/oma.media.fi\/lansivayla\/uusi-lansivayla-digi-vie-sinut-syvalle-espooseen-ja-espoolaisuuteen\/#breadcrumb\"},\"inLanguage\":\"fi\",\"potentialAction\":[{\"@type\":\"ReadAction\",\"target\":[\"https:\/\/oma.media.fi\/lansivayla\/uusi-lansivayla-digi-vie-sinut-syvalle-espooseen-ja-espoolaisuuteen\/\"]}]},{\"@type\":\"ImageObject\",\"inLanguage\":\"fi\",\"@id\":\"https:\/\/oma.media.fi\/lansivayla\/uusi-lansivayla-digi-vie-sinut-syvalle-espooseen-ja-espoolaisuuteen\/#primaryimage\",\"url\":\"https:\/\/oma.media.fi\/lansivayla\/wp-content\/uploads\/sites\/54\/2023\/11\/600x300px_asiakaslupaus.jpg\",\"contentUrl\":\"https:\/\/oma.media.fi\/lansivayla\/wp-content\/uploads\/sites\/54\/2023\/11\/600x300px_asiakaslupaus.jpg\",\"width\":600,\"height\":300},{\"@type\":\"BreadcrumbList\",\"@id\":\"https:\/\/oma.media.fi\/lansivayla\/uusi-lansivayla-digi-vie-sinut-syvalle-espooseen-ja-espoolaisuuteen\/#breadcrumb\",\"itemListElement\":[{\"@type\":\"ListItem\",\"position\":1,\"name\":\"Etusivu\",\"item\":\"https:\/\/oma.media.fi\/lansivayla\/\"},{\"@type\":\"ListItem\",\"position\":2,\"name\":\"Uudistunut L\u00e4nsiv\u00e4yl\u00e4 digi vie sinut syv\u00e4lle Espooseen &#8211; Mik\u00e4 muuttuu?\"}]},{\"@type\":\"WebSite\",\"@id\":\"https:\/\/oma.media.fi\/lansivayla\/#website\",\"url\":\"https:\/\/oma.media.fi\/lansivayla\/\",\"name\":\"L\u00e4nsiv\u00e4yl\u00e4\",\"description\":\"\",\"potentialAction\":[{\"@type\":\"SearchAction\",\"target\":{\"@type\":\"EntryPoint\",\"urlTemplate\":\"https:\/\/oma.media.fi\/lansivayla\/?s={search_term_string}\"},\"query-input\":{\"@type\":\"PropertyValueSpecification\",\"valueRequired\":true,\"valueName\":\"search_term_string\"}}],\"inLanguage\":\"fi\"},{\"@type\":\"Person\",\"@id\":\"https:\/\/oma.media.fi\/lansivayla\/#\/schema\/person\/be838c30ce6f42fe9f31eb0de749867c\",\"name\":\"Marke-Riitta Knuts\",\"image\":{\"@type\":\"ImageObject\",\"inLanguage\":\"fi\",\"@id\":\"https:\/\/oma.media.fi\/lansivayla\/#\/schema\/person\/image\/\",\"url\":\"https:\/\/secure.gravatar.com\/avatar\/06d52302b880524c025b15f685f95c3098f2dae0fb51cd01c7749bccd36a21aa?s=96&d=identicon&r=g\",\"contentUrl\":\"https:\/\/secure.gravatar.com\/avatar\/06d52302b880524c025b15f685f95c3098f2dae0fb51cd01c7749bccd36a21aa?s=96&d=identicon&r=g\",\"caption\":\"Marke-Riitta Knuts\"},\"sameAs\":[\"https:\/\/oma.media.fi\/\"],\"url\":\"https:\/\/oma.media.fi\/lansivayla\/author\/markeriittaknuts\/\"}]}<\/script>\n<!-- \/ Yoast SEO plugin. -->","yoast_head_json":{"title":"Uudistunut L\u00e4nsiv\u00e4yl\u00e4 digi vie sinut syv\u00e4lle Espooseen - Mik\u00e4 muuttuu? - L\u00e4nsiv\u00e4yl\u00e4","robots":{"index":"index","follow":"follow","max-snippet":"max-snippet:-1","max-image-preview":"max-image-preview:large","max-video-preview":"max-video-preview:-1"},"canonical":"https:\/\/oma.media.fi\/lansivayla\/uusi-lansivayla-digi-vie-sinut-syvalle-espooseen-ja-espoolaisuuteen\/","og_locale":"fi_FI","og_type":"article","og_title":"Uudistunut L\u00e4nsiv\u00e4yl\u00e4 digi vie sinut syv\u00e4lle Espooseen &#8211; Mik\u00e4 muuttuu?","og_description":"Espoo, Suomen toiseksi suurin kaupunki, ansaitsee oman paikallisen median, joka pit\u00e4\u00e4 espoolaisten ja Espoon puolta. L\u00e4nsiv\u00e4yl\u00e4n vahvistunut toimitus kaivaa nyt monipuolisemmin, raportoi taustoittavammin ja pureutuu syv\u00e4llisemmin Espooseen ja espoolaisuuteen. Uusi tilattava L\u00e4nsiv\u00e4yl\u00e4 digi sukeltaa syv\u00e4lle Espooseen, vie maisemareiteille ja sivukujille \u2013 kertoo Espoon koko kuvan. Lue kaikki Espoosta ja heti osoitteessa lansivayla.fi. Kokeile 1 \u20ac [&hellip;]","og_url":"https:\/\/oma.media.fi\/lansivayla\/uusi-lansivayla-digi-vie-sinut-syvalle-espooseen-ja-espoolaisuuteen\/","og_site_name":"L\u00e4nsiv\u00e4yl\u00e4","article_published_time":"2023-11-09T07:42:43+00:00","article_modified_time":"2023-12-20T11:36:21+00:00","og_image":[{"width":600,"height":300,"url":"https:\/\/oma.media.fi\/lansivayla\/wp-content\/uploads\/sites\/54\/2023\/11\/600x300px_asiakaslupaus.jpg","type":"image\/jpeg"}],"author":"Marke-Riitta Knuts","twitter_card":"summary_large_image","twitter_misc":{"Kirjoittanut":"Marke-Riitta Knuts","Arvioitu lukuaika":"3 minuuttia"},"schema":{"@context":"https:\/\/schema.org","@graph":[{"@type":"WebPage","@id":"https:\/\/oma.media.fi\/lansivayla\/uusi-lansivayla-digi-vie-sinut-syvalle-espooseen-ja-espoolaisuuteen\/","url":"https:\/\/oma.media.fi\/lansivayla\/uusi-lansivayla-digi-vie-sinut-syvalle-espooseen-ja-espoolaisuuteen\/","name":"Uudistunut L\u00e4nsiv\u00e4yl\u00e4 digi vie sinut syv\u00e4lle Espooseen - Mik\u00e4 muuttuu? - L\u00e4nsiv\u00e4yl\u00e4","isPartOf":{"@id":"https:\/\/oma.media.fi\/lansivayla\/#website"},"primaryImageOfPage":{"@id":"https:\/\/oma.media.fi\/lansivayla\/uusi-lansivayla-digi-vie-sinut-syvalle-espooseen-ja-espoolaisuuteen\/#primaryimage"},"image":{"@id":"https:\/\/oma.media.fi\/lansivayla\/uusi-lansivayla-digi-vie-sinut-syvalle-espooseen-ja-espoolaisuuteen\/#primaryimage"},"thumbnailUrl":"https:\/\/oma.media.fi\/lansivayla\/wp-content\/uploads\/sites\/54\/2023\/11\/600x300px_asiakaslupaus.jpg","datePublished":"2023-11-09T07:42:43+00:00","dateModified":"2023-12-20T11:36:21+00:00","author":{"@id":"https:\/\/oma.media.fi\/lansivayla\/#\/schema\/person\/be838c30ce6f42fe9f31eb0de749867c"},"breadcrumb":{"@id":"https:\/\/oma.media.fi\/lansivayla\/uusi-lansivayla-digi-vie-sinut-syvalle-espooseen-ja-espoolaisuuteen\/#breadcrumb"},"inLanguage":"fi","potentialAction":[{"@type":"ReadAction","target":["https:\/\/oma.media.fi\/lansivayla\/uusi-lansivayla-digi-vie-sinut-syvalle-espooseen-ja-espoolaisuuteen\/"]}]},{"@type":"ImageObject","inLanguage":"fi","@id":"https:\/\/oma.media.fi\/lansivayla\/uusi-lansivayla-digi-vie-sinut-syvalle-espooseen-ja-espoolaisuuteen\/#primaryimage","url":"https:\/\/oma.media.fi\/lansivayla\/wp-content\/uploads\/sites\/54\/2023\/11\/600x300px_asiakaslupaus.jpg","contentUrl":"https:\/\/oma.media.fi\/lansivayla\/wp-content\/uploads\/sites\/54\/2023\/11\/600x300px_asiakaslupaus.jpg","width":600,"height":300},{"@type":"BreadcrumbList","@id":"https:\/\/oma.media.fi\/lansivayla\/uusi-lansivayla-digi-vie-sinut-syvalle-espooseen-ja-espoolaisuuteen\/#breadcrumb","itemListElement":[{"@type":"ListItem","position":1,"name":"Etusivu","item":"https:\/\/oma.media.fi\/lansivayla\/"},{"@type":"ListItem","position":2,"name":"Uudistunut L\u00e4nsiv\u00e4yl\u00e4 digi vie sinut syv\u00e4lle Espooseen &#8211; Mik\u00e4 muuttuu?"}]},{"@type":"WebSite","@id":"https:\/\/oma.media.fi\/lansivayla\/#website","url":"https:\/\/oma.media.fi\/lansivayla\/","name":"L\u00e4nsiv\u00e4yl\u00e4","description":"","potentialAction":[{"@type":"SearchAction","target":{"@type":"EntryPoint","urlTemplate":"https:\/\/oma.media.fi\/lansivayla\/?s={search_term_string}"},"query-input":{"@type":"PropertyValueSpecification","valueRequired":true,"valueName":"search_term_string"}}],"inLanguage":"fi"},{"@type":"Person","@id":"https:\/\/oma.media.fi\/lansivayla\/#\/schema\/person\/be838c30ce6f42fe9f31eb0de749867c","name":"Marke-Riitta Knuts","image":{"@type":"ImageObject","inLanguage":"fi","@id":"https:\/\/oma.media.fi\/lansivayla\/#\/schema\/person\/image\/","url":"https:\/\/secure.gravatar.com\/avatar\/06d52302b880524c025b15f685f95c3098f2dae0fb51cd01c7749bccd36a21aa?s=96&d=identicon&r=g","contentUrl":"https:\/\/secure.gravatar.com\/avatar\/06d52302b880524c025b15f685f95c3098f2dae0fb51cd01c7749bccd36a21aa?s=96&d=identicon&r=g","caption":"Marke-Riitta Knuts"},"sameAs":["https:\/\/oma.media.fi\/"],"url":"https:\/\/oma.media.fi\/lansivayla\/author\/markeriittaknuts\/"}]}},"publishpress_future_action":{"enabled":false,"date":"2026-05-08 08:14:29","action":"change-status","newStatus":"draft","terms":[],"taxonomy":"category","extraData":[]},"publishpress_future_workflow_manual_trigger":{"enabledWorkflows":[]},"_links":{"self":[{"href":"https:\/\/oma.media.fi\/lansivayla\/wp-json\/wp\/v2\/posts\/803","targetHints":{"allow":["GET"]}}],"collection":[{"href":"https:\/\/oma.media.fi\/lansivayla\/wp-json\/wp\/v2\/posts"}],"about":[{"href":"https:\/\/oma.media.fi\/lansivayla\/wp-json\/wp\/v2\/types\/post"}],"author":[{"embeddable":true,"href":"https:\/\/oma.media.fi\/lansivayla\/wp-json\/wp\/v2\/users\/68"}],"replies":[{"embeddable":true,"href":"https:\/\/oma.media.fi\/lansivayla\/wp-json\/wp\/v2\/comments?post=803"}],"version-history":[{"count":11,"href":"https:\/\/oma.media.fi\/lansivayla\/wp-json\/wp\/v2\/posts\/803\/revisions"}],"predecessor-version":[{"id":952,"href":"https:\/\/oma.media.fi\/lansivayla\/wp-json\/wp\/v2\/posts\/803\/revisions\/952"}],"wp:featuredmedia":[{"embeddable":true,"href":"https:\/\/oma.media.fi\/lansivayla\/wp-json\/wp\/v2\/media\/916"}],"wp:attachment":[{"href":"https:\/\/oma.media.fi\/lansivayla\/wp-json\/wp\/v2\/media?parent=803"}],"wp:term":[{"taxonomy":"category","embeddable":true,"href":"https:\/\/oma.media.fi\/lansivayla\/wp-json\/wp\/v2\/categories?post=803"},{"taxonomy":"post_tag","embeddable":true,"href":"https:\/\/oma.media.fi\/lansivayla\/wp-json\/wp\/v2\/tags?post=803"}],"curies":[{"name":"wp","href":"https:\/\/api.w.org\/{rel}","templated":true}]}}