{"id":13731,"date":"2023-08-31T10:10:42","date_gmt":"2023-08-31T07:10:42","guid":{"rendered":"https:\/\/oma.media.fi\/pieksamaen-lehti\/?p=13731"},"modified":"2023-09-03T08:20:50","modified_gmt":"2023-09-03T05:20:50","slug":"pieksamaen-lehti-ilmestyy-1-10-alkaen-painettuna-lehtena-kahdesti-viikossa-tiistaisin-ja-torstaisin","status":"publish","type":"post","link":"https:\/\/oma.media.fi\/pieksamaen-lehti\/pieksamaen-lehti-ilmestyy-1-10-alkaen-painettuna-lehtena-kahdesti-viikossa-tiistaisin-ja-torstaisin\/","title":{"rendered":"Pieks\u00e4m\u00e4en Lehti ilmestyy 1.10. alkaen painettuna lehten\u00e4 kahdesti viikossa, tiistaisin ja torstaisin"},"content":{"rendered":"<p>Savon Media Oy muuttaa Pieks\u00e4m\u00e4en Lehden ilmestymisp\u00e4ivi\u00e4 ja sopeuttaa organisaatiota uuteen<br \/>\ntilanteeseen. Ilmestymisp\u00e4ivien muutos on v\u00e4ltt\u00e4m\u00e4t\u00f6n ja johtuu kustannusten merkitt\u00e4v\u00e4st\u00e4 kasvusta.<br \/>\nMuutoksen tavoitteena on turvata Pieks\u00e4m\u00e4en Lehden hyv\u00e4 sis\u00e4lt\u00f6 ja toimitusten resurssi journalismin<br \/>\ntekemiseen nyt ja tulevaisuudessa.<\/p>\n<p>Pieks\u00e4m\u00e4en Lehti jatkaa ilmestymist\u00e4 tutun n\u00e4k\u00f6isen\u00e4 tiistaisin ja torstaisin. Lehti on saatavilla verkossa n\u00e4k\u00f6islehten\u00e4. Lehden sis\u00e4lt\u00f6 digitaalisissa kanavissa vahvistuu entisest\u00e4\u00e4n ja tavoittaa asiakkaat painettua lehte\u00e4 nopeammin. Verkossa julkaistaan tilaajille paikallisia uutisia p\u00e4ivitt\u00e4in.<\/p>\n<h3>Muutos laskee Pieks\u00e4m\u00e4en Lehden tilaushintaa<\/h3>\n<p>Muutoksen my\u00f6t\u00e4 Pieks\u00e4m\u00e4en Lehden tilaushinta laskee. Lehti ja digi kestotilauksen normaalihinta<br \/>\n1.10.2023 alkaen on 15,50 \u20ac\/kk. Mik\u00e4li Pieks\u00e4m\u00e4en Lehden tilaaja-asiakas on jo maksanut tilaustaan<br \/>\nmuutosp\u00e4iv\u00e4st\u00e4 1.10. eteenp\u00e4in, jatkamme kyseist\u00e4 tilausta hinnanalennusta vastaavalla pituudella.<br \/>\nMuutamme tilaukset automaattisesti, eik\u00e4 tilaaja-asiakkaidemme tarvitse olla yhteydess\u00e4<br \/>\nasiakaspalveluumme.<\/p>\n<p>Jokainen tilaaja-asiakas tulee saamaan postitse henkil\u00f6kohtaisen kirjeen, jossa selvitet\u00e4\u00e4n hinnan<br \/>\nlaskemisesta johtuva tilauskohtainen hyvitys. Mik\u00e4li sinulla on kysytt\u00e4v\u00e4\u00e4 omaan tilaukseesi liittyen, voit ottaa yhteytt\u00e4 <a href=\"https:\/\/oma.media.fi\/pieksamaen-lehti\/yhteystiedot\/ota-yhteytta\/\">asiakaspalveluumme.<\/a><\/p>\n","protected":false},"excerpt":{"rendered":"<p>Savon Media Oy muuttaa Pieks\u00e4m\u00e4en Lehden ilmestymisp\u00e4ivi\u00e4 ja sopeuttaa organisaatiota uuteen tilanteeseen. Ilmestymisp\u00e4ivien muutos on v\u00e4ltt\u00e4m\u00e4t\u00f6n ja johtuu kustannusten merkitt\u00e4v\u00e4st\u00e4 kasvusta. Muutoksen tavoitteena on turvata Pieks\u00e4m\u00e4en Lehden hyv\u00e4 sis\u00e4lt\u00f6 ja toimitusten resurssi journalismin tekemiseen nyt ja tulevaisuudessa. Pieks\u00e4m\u00e4en Lehti jatkaa ilmestymist\u00e4 tutun n\u00e4k\u00f6isen\u00e4 tiistaisin ja torstaisin. Lehti on saatavilla verkossa n\u00e4k\u00f6islehten\u00e4. Lehden sis\u00e4lt\u00f6 digitaalisissa kanavissa [&hellip;]<\/p>\n","protected":false},"author":1,"featured_media":0,"comment_status":"closed","ping_status":"closed","sticky":false,"template":"","format":"standard","meta":{"_acf_changed":false,"footnotes":""},"categories":[1],"tags":[],"class_list":["post-13731","post","type-post","status-publish","format-standard","hentry","category-yleinen"],"acf":[],"yoast_head":"<!-- This site is optimized with the Yoast SEO plugin v26.2 - https:\/\/yoast.com\/wordpress\/plugins\/seo\/ -->\n<title>Pieks\u00e4m\u00e4en Lehti ilmestyy 1.10. alkaen painettuna lehten\u00e4 kahdesti viikossa, tiistaisin ja torstaisin - Pieks\u00e4m\u00e4en Lehti<\/title>\n<meta name=\"robots\" content=\"index, follow, max-snippet:-1, max-image-preview:large, max-video-preview:-1\" \/>\n<link rel=\"canonical\" href=\"https:\/\/oma.media.fi\/pieksamaen-lehti\/pieksamaen-lehti-ilmestyy-1-10-alkaen-painettuna-lehtena-kahdesti-viikossa-tiistaisin-ja-torstaisin\/\" \/>\n<meta property=\"og:locale\" content=\"fi_FI\" \/>\n<meta property=\"og:type\" content=\"article\" \/>\n<meta property=\"og:title\" content=\"Pieks\u00e4m\u00e4en Lehti ilmestyy 1.10. alkaen painettuna lehten\u00e4 kahdesti viikossa, tiistaisin ja torstaisin\" \/>\n<meta property=\"og:description\" content=\"Savon Media Oy muuttaa Pieks\u00e4m\u00e4en Lehden ilmestymisp\u00e4ivi\u00e4 ja sopeuttaa organisaatiota uuteen tilanteeseen. Ilmestymisp\u00e4ivien muutos on v\u00e4ltt\u00e4m\u00e4t\u00f6n ja johtuu kustannusten merkitt\u00e4v\u00e4st\u00e4 kasvusta. Muutoksen tavoitteena on turvata Pieks\u00e4m\u00e4en Lehden hyv\u00e4 sis\u00e4lt\u00f6 ja toimitusten resurssi journalismin tekemiseen nyt ja tulevaisuudessa. Pieks\u00e4m\u00e4en Lehti jatkaa ilmestymist\u00e4 tutun n\u00e4k\u00f6isen\u00e4 tiistaisin ja torstaisin. Lehti on saatavilla verkossa n\u00e4k\u00f6islehten\u00e4. Lehden sis\u00e4lt\u00f6 digitaalisissa kanavissa [&hellip;]\" \/>\n<meta property=\"og:url\" content=\"https:\/\/oma.media.fi\/pieksamaen-lehti\/pieksamaen-lehti-ilmestyy-1-10-alkaen-painettuna-lehtena-kahdesti-viikossa-tiistaisin-ja-torstaisin\/\" \/>\n<meta property=\"og:site_name\" content=\"Pieks\u00e4m\u00e4en Lehti\" \/>\n<meta property=\"article:published_time\" content=\"2023-08-31T07:10:42+00:00\" \/>\n<meta property=\"article:modified_time\" content=\"2023-09-03T05:20:50+00:00\" \/>\n<meta name=\"author\" content=\"Digitiimi\" \/>\n<meta name=\"twitter:card\" content=\"summary_large_image\" \/>\n<meta name=\"twitter:label1\" content=\"Kirjoittanut\" \/>\n\t<meta name=\"twitter:data1\" content=\"Digitiimi\" \/>\n\t<meta name=\"twitter:label2\" content=\"Arvioitu lukuaika\" \/>\n\t<meta name=\"twitter:data2\" content=\"1 minuutti\" \/>\n<script type=\"application\/ld+json\" class=\"yoast-schema-graph\">{\"@context\":\"https:\/\/schema.org\",\"@graph\":[{\"@type\":\"WebPage\",\"@id\":\"https:\/\/oma.media.fi\/pieksamaen-lehti\/pieksamaen-lehti-ilmestyy-1-10-alkaen-painettuna-lehtena-kahdesti-viikossa-tiistaisin-ja-torstaisin\/\",\"url\":\"https:\/\/oma.media.fi\/pieksamaen-lehti\/pieksamaen-lehti-ilmestyy-1-10-alkaen-painettuna-lehtena-kahdesti-viikossa-tiistaisin-ja-torstaisin\/\",\"name\":\"Pieks\u00e4m\u00e4en Lehti ilmestyy 1.10. alkaen painettuna lehten\u00e4 kahdesti viikossa, tiistaisin ja torstaisin - Pieks\u00e4m\u00e4en Lehti\",\"isPartOf\":{\"@id\":\"https:\/\/oma.media.fi\/pieksamaen-lehti\/#website\"},\"datePublished\":\"2023-08-31T07:10:42+00:00\",\"dateModified\":\"2023-09-03T05:20:50+00:00\",\"author\":{\"@id\":\"https:\/\/oma.media.fi\/pieksamaen-lehti\/#\/schema\/person\/07a1be16513114b876d76296a5009f90\"},\"breadcrumb\":{\"@id\":\"https:\/\/oma.media.fi\/pieksamaen-lehti\/pieksamaen-lehti-ilmestyy-1-10-alkaen-painettuna-lehtena-kahdesti-viikossa-tiistaisin-ja-torstaisin\/#breadcrumb\"},\"inLanguage\":\"fi\",\"potentialAction\":[{\"@type\":\"ReadAction\",\"target\":[\"https:\/\/oma.media.fi\/pieksamaen-lehti\/pieksamaen-lehti-ilmestyy-1-10-alkaen-painettuna-lehtena-kahdesti-viikossa-tiistaisin-ja-torstaisin\/\"]}]},{\"@type\":\"BreadcrumbList\",\"@id\":\"https:\/\/oma.media.fi\/pieksamaen-lehti\/pieksamaen-lehti-ilmestyy-1-10-alkaen-painettuna-lehtena-kahdesti-viikossa-tiistaisin-ja-torstaisin\/#breadcrumb\",\"itemListElement\":[{\"@type\":\"ListItem\",\"position\":1,\"name\":\"Etusivu\",\"item\":\"https:\/\/oma.media.fi\/pieksamaen-lehti\/\"},{\"@type\":\"ListItem\",\"position\":2,\"name\":\"Pieks\u00e4m\u00e4en Lehti ilmestyy 1.10. alkaen painettuna lehten\u00e4 kahdesti viikossa, tiistaisin ja torstaisin\"}]},{\"@type\":\"WebSite\",\"@id\":\"https:\/\/oma.media.fi\/pieksamaen-lehti\/#website\",\"url\":\"https:\/\/oma.media.fi\/pieksamaen-lehti\/\",\"name\":\"Pieks\u00e4m\u00e4en Lehti\",\"description\":\"\",\"potentialAction\":[{\"@type\":\"SearchAction\",\"target\":{\"@type\":\"EntryPoint\",\"urlTemplate\":\"https:\/\/oma.media.fi\/pieksamaen-lehti\/?s={search_term_string}\"},\"query-input\":{\"@type\":\"PropertyValueSpecification\",\"valueRequired\":true,\"valueName\":\"search_term_string\"}}],\"inLanguage\":\"fi\"},{\"@type\":\"Person\",\"@id\":\"https:\/\/oma.media.fi\/pieksamaen-lehti\/#\/schema\/person\/07a1be16513114b876d76296a5009f90\",\"name\":\"Digitiimi\",\"image\":{\"@type\":\"ImageObject\",\"inLanguage\":\"fi\",\"@id\":\"https:\/\/oma.media.fi\/pieksamaen-lehti\/#\/schema\/person\/image\/\",\"url\":\"https:\/\/secure.gravatar.com\/avatar\/597e538327cdb4ec7883a4bd3b53c8fd37428f6449d8f12ed27ced0d2d8e9ec9?s=96&d=identicon&r=g\",\"contentUrl\":\"https:\/\/secure.gravatar.com\/avatar\/597e538327cdb4ec7883a4bd3b53c8fd37428f6449d8f12ed27ced0d2d8e9ec9?s=96&d=identicon&r=g\",\"caption\":\"Digitiimi\"},\"sameAs\":[\"http:\/\/www.twitter.com\/digitiimi\/\"],\"url\":\"https:\/\/oma.media.fi\/pieksamaen-lehti\/author\/digital\/\"}]}<\/script>\n<!-- \/ Yoast SEO plugin. -->","yoast_head_json":{"title":"Pieks\u00e4m\u00e4en Lehti ilmestyy 1.10. alkaen painettuna lehten\u00e4 kahdesti viikossa, tiistaisin ja torstaisin - Pieks\u00e4m\u00e4en Lehti","robots":{"index":"index","follow":"follow","max-snippet":"max-snippet:-1","max-image-preview":"max-image-preview:large","max-video-preview":"max-video-preview:-1"},"canonical":"https:\/\/oma.media.fi\/pieksamaen-lehti\/pieksamaen-lehti-ilmestyy-1-10-alkaen-painettuna-lehtena-kahdesti-viikossa-tiistaisin-ja-torstaisin\/","og_locale":"fi_FI","og_type":"article","og_title":"Pieks\u00e4m\u00e4en Lehti ilmestyy 1.10. alkaen painettuna lehten\u00e4 kahdesti viikossa, tiistaisin ja torstaisin","og_description":"Savon Media Oy muuttaa Pieks\u00e4m\u00e4en Lehden ilmestymisp\u00e4ivi\u00e4 ja sopeuttaa organisaatiota uuteen tilanteeseen. Ilmestymisp\u00e4ivien muutos on v\u00e4ltt\u00e4m\u00e4t\u00f6n ja johtuu kustannusten merkitt\u00e4v\u00e4st\u00e4 kasvusta. Muutoksen tavoitteena on turvata Pieks\u00e4m\u00e4en Lehden hyv\u00e4 sis\u00e4lt\u00f6 ja toimitusten resurssi journalismin tekemiseen nyt ja tulevaisuudessa. Pieks\u00e4m\u00e4en Lehti jatkaa ilmestymist\u00e4 tutun n\u00e4k\u00f6isen\u00e4 tiistaisin ja torstaisin. Lehti on saatavilla verkossa n\u00e4k\u00f6islehten\u00e4. Lehden sis\u00e4lt\u00f6 digitaalisissa kanavissa [&hellip;]","og_url":"https:\/\/oma.media.fi\/pieksamaen-lehti\/pieksamaen-lehti-ilmestyy-1-10-alkaen-painettuna-lehtena-kahdesti-viikossa-tiistaisin-ja-torstaisin\/","og_site_name":"Pieks\u00e4m\u00e4en Lehti","article_published_time":"2023-08-31T07:10:42+00:00","article_modified_time":"2023-09-03T05:20:50+00:00","author":"Digitiimi","twitter_card":"summary_large_image","twitter_misc":{"Kirjoittanut":"Digitiimi","Arvioitu lukuaika":"1 minuutti"},"schema":{"@context":"https:\/\/schema.org","@graph":[{"@type":"WebPage","@id":"https:\/\/oma.media.fi\/pieksamaen-lehti\/pieksamaen-lehti-ilmestyy-1-10-alkaen-painettuna-lehtena-kahdesti-viikossa-tiistaisin-ja-torstaisin\/","url":"https:\/\/oma.media.fi\/pieksamaen-lehti\/pieksamaen-lehti-ilmestyy-1-10-alkaen-painettuna-lehtena-kahdesti-viikossa-tiistaisin-ja-torstaisin\/","name":"Pieks\u00e4m\u00e4en Lehti ilmestyy 1.10. alkaen painettuna lehten\u00e4 kahdesti viikossa, tiistaisin ja torstaisin - Pieks\u00e4m\u00e4en Lehti","isPartOf":{"@id":"https:\/\/oma.media.fi\/pieksamaen-lehti\/#website"},"datePublished":"2023-08-31T07:10:42+00:00","dateModified":"2023-09-03T05:20:50+00:00","author":{"@id":"https:\/\/oma.media.fi\/pieksamaen-lehti\/#\/schema\/person\/07a1be16513114b876d76296a5009f90"},"breadcrumb":{"@id":"https:\/\/oma.media.fi\/pieksamaen-lehti\/pieksamaen-lehti-ilmestyy-1-10-alkaen-painettuna-lehtena-kahdesti-viikossa-tiistaisin-ja-torstaisin\/#breadcrumb"},"inLanguage":"fi","potentialAction":[{"@type":"ReadAction","target":["https:\/\/oma.media.fi\/pieksamaen-lehti\/pieksamaen-lehti-ilmestyy-1-10-alkaen-painettuna-lehtena-kahdesti-viikossa-tiistaisin-ja-torstaisin\/"]}]},{"@type":"BreadcrumbList","@id":"https:\/\/oma.media.fi\/pieksamaen-lehti\/pieksamaen-lehti-ilmestyy-1-10-alkaen-painettuna-lehtena-kahdesti-viikossa-tiistaisin-ja-torstaisin\/#breadcrumb","itemListElement":[{"@type":"ListItem","position":1,"name":"Etusivu","item":"https:\/\/oma.media.fi\/pieksamaen-lehti\/"},{"@type":"ListItem","position":2,"name":"Pieks\u00e4m\u00e4en Lehti ilmestyy 1.10. alkaen painettuna lehten\u00e4 kahdesti viikossa, tiistaisin ja torstaisin"}]},{"@type":"WebSite","@id":"https:\/\/oma.media.fi\/pieksamaen-lehti\/#website","url":"https:\/\/oma.media.fi\/pieksamaen-lehti\/","name":"Pieks\u00e4m\u00e4en Lehti","description":"","potentialAction":[{"@type":"SearchAction","target":{"@type":"EntryPoint","urlTemplate":"https:\/\/oma.media.fi\/pieksamaen-lehti\/?s={search_term_string}"},"query-input":{"@type":"PropertyValueSpecification","valueRequired":true,"valueName":"search_term_string"}}],"inLanguage":"fi"},{"@type":"Person","@id":"https:\/\/oma.media.fi\/pieksamaen-lehti\/#\/schema\/person\/07a1be16513114b876d76296a5009f90","name":"Digitiimi","image":{"@type":"ImageObject","inLanguage":"fi","@id":"https:\/\/oma.media.fi\/pieksamaen-lehti\/#\/schema\/person\/image\/","url":"https:\/\/secure.gravatar.com\/avatar\/597e538327cdb4ec7883a4bd3b53c8fd37428f6449d8f12ed27ced0d2d8e9ec9?s=96&d=identicon&r=g","contentUrl":"https:\/\/secure.gravatar.com\/avatar\/597e538327cdb4ec7883a4bd3b53c8fd37428f6449d8f12ed27ced0d2d8e9ec9?s=96&d=identicon&r=g","caption":"Digitiimi"},"sameAs":["http:\/\/www.twitter.com\/digitiimi\/"],"url":"https:\/\/oma.media.fi\/pieksamaen-lehti\/author\/digital\/"}]}},"publishpress_future_action":{"enabled":false,"date":"2026-05-08 23:54:51","action":"change-status","newStatus":"draft","terms":[],"taxonomy":"category","extraData":[]},"publishpress_future_workflow_manual_trigger":{"enabledWorkflows":[]},"_links":{"self":[{"href":"https:\/\/oma.media.fi\/pieksamaen-lehti\/wp-json\/wp\/v2\/posts\/13731","targetHints":{"allow":["GET"]}}],"collection":[{"href":"https:\/\/oma.media.fi\/pieksamaen-lehti\/wp-json\/wp\/v2\/posts"}],"about":[{"href":"https:\/\/oma.media.fi\/pieksamaen-lehti\/wp-json\/wp\/v2\/types\/post"}],"author":[{"embeddable":true,"href":"https:\/\/oma.media.fi\/pieksamaen-lehti\/wp-json\/wp\/v2\/users\/1"}],"replies":[{"embeddable":true,"href":"https:\/\/oma.media.fi\/pieksamaen-lehti\/wp-json\/wp\/v2\/comments?post=13731"}],"version-history":[{"count":6,"href":"https:\/\/oma.media.fi\/pieksamaen-lehti\/wp-json\/wp\/v2\/posts\/13731\/revisions"}],"predecessor-version":[{"id":13741,"href":"https:\/\/oma.media.fi\/pieksamaen-lehti\/wp-json\/wp\/v2\/posts\/13731\/revisions\/13741"}],"wp:attachment":[{"href":"https:\/\/oma.media.fi\/pieksamaen-lehti\/wp-json\/wp\/v2\/media?parent=13731"}],"wp:term":[{"taxonomy":"category","embeddable":true,"href":"https:\/\/oma.media.fi\/pieksamaen-lehti\/wp-json\/wp\/v2\/categories?post=13731"},{"taxonomy":"post_tag","embeddable":true,"href":"https:\/\/oma.media.fi\/pieksamaen-lehti\/wp-json\/wp\/v2\/tags?post=13731"}],"curies":[{"name":"wp","href":"https:\/\/api.w.org\/{rel}","templated":true}]}}